{"id":247238,"date":"2019-05-29T13:21:46","date_gmt":"2019-05-29T11:21:46","guid":{"rendered":"https:\/\/www.radioluna.it\/news\/?p=247238"},"modified":"2019-05-29T13:31:37","modified_gmt":"2019-05-29T11:31:37","slug":"litoranea-finiti-i-lavori-al-ponte-cicerchia-venerdi-riapertura-al-traffico","status":"publish","type":"post","link":"https:\/\/www.radioluna.it\/news\/2019\/05\/litoranea-finiti-i-lavori-al-ponte-cicerchia-venerdi-riapertura-al-traffico\/","title":{"rendered":"Litoranea, finiti i lavori al ponte Cicerchia: venerd\u00ec riapertura al traffico"},"content":{"rendered":"<div id=\"fb-root\"><\/div>\n<p style=\"text-align: justify;\"><strong>LATINA<\/strong> &#8211;\u00a0Sono terminati i lavori sul ponte pericolante della Litoranea che passa sul canale Cicerchia, tra la rotatoria di Via del Lido e Fogliano, chiuso al traffico da novembre a causa di problemi strutturali. La prova di carico \u00e8 stata gi\u00e0 eseguita, il certificato di idoneit\u00e0 statica ottenuto e la riapertura al traffico \u00e8 prevista per venerd\u00ec mattina.<\/p>\n<p style=\"text-align: justify;\">Il ripristino e la messa in sicurezza di parte del parapetto e del manto stradale, pesantemente danneggiati dall\u2019ondata di maltempo, erano iniziati l\u20198 maggio scorso a cura dell&#8217;Istituto sperimentale Istedil spa al quale la Provincia ha affidato l\u2019incarico della progettazione e dell\u2019esecuzione dei lavori oltre alla prova di carico finale per testarne l\u2019idoneit\u00e0 statica.<\/p>\n<p style=\"text-align: justify;\">\u201cSuperato il collaudo finale \u2013 commenta il presidente della Provincia <strong>Carlo Medici<\/strong> \u2013 possiamo finalmente riaprire al traffico della Litoranea nel tratto tra via del Lido e Borgo Grappa. Il tutto con la soddisfazione di avere rispettato perfettamente il termine di 45 giorni dall\u2019affidamento dei lavori che coincide anche con l\u2019inizio della stagione estiva\u00a0 quando quell\u2019arteria stradale \u00e8 maggiormente trafficata\u201d.<\/p>\n<p style=\"text-align: justify;\">La Provincia per l&#8217;esecuzione dei lavori ha impegnato complessivamente 46.969 euro.<\/p>\n<p>&nbsp;<\/p>\n<div class=\"radio-posizionamento-telefono-in-articoli-dopo-il-contenuto-articolo radio-entity-placement\" id=\"radio-4069529018\"><div id=\"radio-2412929598\" style=\"width: 300px;height: 250px;\"><a href=\"https:\/\/www.icarspa.it\/auto\/usate\/latina\/\" aria-label=\"banner aprile icar new life &#8211; auto usate latina\"><img loading=\"lazy\" decoding=\"async\" src=\"https:\/\/www.radioluna.it\/news\/wp-content\/uploads\/2026\/02\/banner-aprile-icar-new-life-auto-usate-latina.gif\" alt=\"\"  width=\"300\" height=\"250\"   \/><\/a><\/div><\/div>","protected":false},"excerpt":{"rendered":"<p>LATINA &#8211;\u00a0Sono terminati i lavori sul ponte pericolante della Litoranea che passa sul canale Cicerchia, tra la rotatoria di Via del Lido e Fogliano, chiuso al traffico da novembre a causa di problemi strutturali. La prova di carico \u00e8 stata gi\u00e0 eseguita, il certificato di idoneit\u00e0 statica ottenuto e la riapertura al traffico \u00e8 prevista [&hellip;]<\/p>\n","protected":false},"author":62,"featured_media":247240,"comment_status":"open","ping_status":"open","sticky":false,"template":"","format":"standard","meta":{"footnotes":""},"categories":[7],"tags":[],"class_list":["post-247238","post","type-post","status-publish","format-standard","has-post-thumbnail","hentry","category-cronaca"],"_links":{"self":[{"href":"https:\/\/www.radioluna.it\/news\/wp-json\/wp\/v2\/posts\/247238","targetHints":{"allow":["GET"]}}],"collection":[{"href":"https:\/\/www.radioluna.it\/news\/wp-json\/wp\/v2\/posts"}],"about":[{"href":"https:\/\/www.radioluna.it\/news\/wp-json\/wp\/v2\/types\/post"}],"author":[{"embeddable":true,"href":"https:\/\/www.radioluna.it\/news\/wp-json\/wp\/v2\/users\/62"}],"replies":[{"embeddable":true,"href":"https:\/\/www.radioluna.it\/news\/wp-json\/wp\/v2\/comments?post=247238"}],"version-history":[{"count":0,"href":"https:\/\/www.radioluna.it\/news\/wp-json\/wp\/v2\/posts\/247238\/revisions"}],"wp:featuredmedia":[{"embeddable":true,"href":"https:\/\/www.radioluna.it\/news\/wp-json\/wp\/v2\/media\/247240"}],"wp:attachment":[{"href":"https:\/\/www.radioluna.it\/news\/wp-json\/wp\/v2\/media?parent=247238"}],"wp:term":[{"taxonomy":"category","embeddable":true,"href":"https:\/\/www.radioluna.it\/news\/wp-json\/wp\/v2\/categories?post=247238"},{"taxonomy":"post_tag","embeddable":true,"href":"https:\/\/www.radioluna.it\/news\/wp-json\/wp\/v2\/tags?post=247238"}],"curies":[{"name":"wp","href":"https:\/\/api.w.org\/{rel}","templated":true}]}}