{"id":248464,"date":"2019-06-18T15:43:54","date_gmt":"2019-06-18T13:43:54","guid":{"rendered":"https:\/\/www.radioluna.it\/news\/?p=248464"},"modified":"2019-06-20T14:52:35","modified_gmt":"2019-06-20T12:52:35","slug":"naufraghi-a-foce-verde-ma-e-unesercitazione","status":"publish","type":"post","link":"https:\/\/www.radioluna.it\/news\/2019\/06\/naufraghi-a-foce-verde-ma-e-unesercitazione\/","title":{"rendered":"Naufraghi a Foce Verde, ma \u00e8 un&#8217;esercitazione"},"content":{"rendered":"<div id=\"fb-root\"><\/div>\n<p><strong>LATINA &#8211;\u00a0<\/strong>Gioved\u00ec 20 giugno, dalle 9.15, al Lido di Latina si terr\u00e0 un&#8217;esercitazione durante la quale si simuler\u00e0 il recupero in mare di un naufrago. E&#8217; Foce Verde 2019, finalizzata all\u2019addestramento e all&#8217; aggiornamento dei piloti e degli specialisti del 70\u00b0 Stormo di Latina, di Reparti AM viciniori e dei frequentatori dei corsi di pilotaggio. Le operazioni si svolgeranno nel tratto di mare che si trova davanti il Distaccamento Straordinario dell\u2019Aeronautica Militare di Foce Verde.<\/p>\n<p style=\"text-align: justify;\">Scopo primario dell\u2019esercitazione\u00a0 &#8211; spiegano dal 70\u00b0 Stormo &#8211; sar\u00e0 quello di addestrare il personale alla familiarizzazione con gli equipaggiamenti di sopravvivenza, sperimentare le difficolt\u00e0 legate al galleggiamento e al nuoto con indosso la combinazione da volo e il giubbotto di salvataggio ed addestrarsi, infine, alle procedure di recupero con verricello.<\/p>\n<p style=\"text-align: justify;\">L\u2019esercitazione vedr\u00e0 il coinvolgimento, oltre che di alcuni Reparti dell\u2019Aeronautica Militare, anche di alcune imbarcazioni dei Vigili del Fuoco e della Capitaneria di Porto, e avr\u00e0 quale scenario simulato quello di un velivolo ammarato, con il conseguente recupero dell&#8217;equipaggio con un elicottero HH-139 dell\u201985\u00b0 Centro C.S.A.R. (Combat Search and Rescue) di Pratica di Mare appartenente al 15\u00b0 Stormo con sede a Cervia. Le operazioni si svolgeranno in coordinamento con l\u2019Ufficio Circondariale Marittimo di Terracina (LT).<\/p>\n<p style=\"text-align: justify;\">L&#8217;attivit\u00e0\u00a0 &#8211; spiegano ancora dall&#8217;Aeronautica Militare &#8211; costituisce un aspetto di fondamentale importanza per garantire il successo della ricerca ed il salvataggio di vite umane, in situazioni di grave pericolo e difficolt\u00e0, sia su tutto il territorio nazionale a favore della collettivit\u00e0, sia in altri scenari operativi a supporto del personale militare, in ogni condizione atmosferica, di giorno e di notte, ventiquattrore al giorno per l\u2019intero anno.<\/p>\n","protected":false},"excerpt":{"rendered":"<p>LATINA &#8211;\u00a0Gioved\u00ec 20 giugno, dalle 9.15, al Lido di Latina si terr\u00e0 un&#8217;esercitazione durante la quale si simuler\u00e0 il recupero in mare di un naufrago. E&#8217; Foce Verde 2019, finalizzata all\u2019addestramento e all&#8217; aggiornamento dei piloti e degli specialisti del 70\u00b0 Stormo di Latina, di Reparti AM viciniori e dei frequentatori dei corsi di pilotaggio. [&hellip;]<\/p>\n","protected":false},"author":60,"featured_media":153046,"comment_status":"open","ping_status":"open","sticky":false,"template":"","format":"standard","meta":{"footnotes":""},"categories":[16],"tags":[],"class_list":["post-248464","post","type-post","status-publish","format-standard","has-post-thumbnail","hentry","category-appuntamenti"],"_links":{"self":[{"href":"https:\/\/www.radioluna.it\/news\/wp-json\/wp\/v2\/posts\/248464","targetHints":{"allow":["GET"]}}],"collection":[{"href":"https:\/\/www.radioluna.it\/news\/wp-json\/wp\/v2\/posts"}],"about":[{"href":"https:\/\/www.radioluna.it\/news\/wp-json\/wp\/v2\/types\/post"}],"author":[{"embeddable":true,"href":"https:\/\/www.radioluna.it\/news\/wp-json\/wp\/v2\/users\/60"}],"replies":[{"embeddable":true,"href":"https:\/\/www.radioluna.it\/news\/wp-json\/wp\/v2\/comments?post=248464"}],"version-history":[{"count":0,"href":"https:\/\/www.radioluna.it\/news\/wp-json\/wp\/v2\/posts\/248464\/revisions"}],"wp:featuredmedia":[{"embeddable":true,"href":"https:\/\/www.radioluna.it\/news\/wp-json\/wp\/v2\/media\/153046"}],"wp:attachment":[{"href":"https:\/\/www.radioluna.it\/news\/wp-json\/wp\/v2\/media?parent=248464"}],"wp:term":[{"taxonomy":"category","embeddable":true,"href":"https:\/\/www.radioluna.it\/news\/wp-json\/wp\/v2\/categories?post=248464"},{"taxonomy":"post_tag","embeddable":true,"href":"https:\/\/www.radioluna.it\/news\/wp-json\/wp\/v2\/tags?post=248464"}],"curies":[{"name":"wp","href":"https:\/\/api.w.org\/{rel}","templated":true}]}}