{"id":249042,"date":"2019-06-28T16:03:28","date_gmt":"2019-06-28T14:03:28","guid":{"rendered":"https:\/\/www.radioluna.it\/news\/?p=249042"},"modified":"2019-06-28T16:03:28","modified_gmt":"2019-06-28T14:03:28","slug":"armando-valiani-e-il-nuovo-coordinatore-della-lega-salvini-premier-di-latina","status":"publish","type":"post","link":"https:\/\/www.radioluna.it\/news\/2019\/06\/armando-valiani-e-il-nuovo-coordinatore-della-lega-salvini-premier-di-latina\/","title":{"rendered":"Armando Valiani \u00e8 il nuovo coordinatore della \u201cLega Salvini Premier\u201d di Latina"},"content":{"rendered":"<div id=\"fb-root\"><\/div>\n<p style=\"text-align: justify;\"><strong>LATINA<\/strong> &#8211;\u00a0 Armando Valiani \u00e8 il nuovo coordinatore della \u201cLega Salvini Premier\u201d del Comune di Latina. A ratificare la decisione \u00e8 stato il coordinatore regionale Francesco Zicchieri dopo un\u2019attenta analisi all\u2019interno del partito. Premiato dunque il lavoro svolto sul territorio da parte dell\u2019attuale Segretario Regionale dell\u2019UGL Lazio sempre in prima linea nelle battaglie a favore di lavoro, sviluppo e ambiente a partire da quella per Latina Ambiente, ora ABC, alla difesa dei dipendenti comunali del capoluogo pontino, fino alla battaglia per la realizzazione della fondamentale Roma-Latina, quella contro il caporalato e lavoro (firmando con il sindacato un protocollo d\u2019intesa regionale) e la lotta per evitare il trasferimento dell\u2019anagrafe comunale in periferia. Un impegno costante sull\u2019intero territorio pontino e regionale che gli \u00e8 valso la nomina a coordinatore comunale della Lega: \u201cUn sentito ringraziamento \u2013 sottolinea Armando Valiani \u2013 va ai consiglieri comunali del Comune di Latina Massimiliano Carnevale e Matteo Adinolfi oggi eurodeputato con il quale sono stato fianco a fianco nella recente campagna elettorale per Bruxelles.\u00a0 Grazie ad Angelo Tripodi Consigliere Regionale che in piena sinergia ha condiviso la mia nomina, al Sottosegretario nonch\u00e9 amico On. Claudio Durigon che ora mi vede al suo fianco in questa nuova avventura dopo aver condiviso un percorso nell\u2019Organizzazione Sindacale UGL. Un ringraziamento all\u2019On. Francesco Zicchieri e al neo Coordinatore Silviano Di Ponto per l\u2019opportunit\u00e0 concessa e per la fiducia che mi \u00e8 stata accordata con la nomina a coordinatore comunale della citt\u00e0 di Latina. Un ringraziamento va anche a chi mi ha preceduto cio\u00e8 la dottoressa Federica Censi per il buon lavoro svolto e per il nuovo incarico che andr\u00e0 a ricoprire.\u00a0 Un doveroso ringraziamento \u2013 continua Valiani \u2013 lo devo soprattutto al Segretario Generale dell\u2019UGL Francesco Paolo Capone che mi ha trasferito tutte quelle competenze che oggi metter\u00f2 a servizio della comunit\u00e0 di Latina. Grazie di cuore infine a tutti quei militanti della Lega che in questi ultimi anni hanno saputo dare voce ad un partito che nelle ultime elezioni si \u00e8 attestato al 40%\u201d.<\/p>\n<div class=\"radio-posizionamento-telefono-in-articoli-dopo-il-contenuto-articolo radio-entity-placement\" id=\"radio-2263340703\"><div id=\"radio-3004759037\" style=\"width: 300px;height: 250px;\"><a href=\"https:\/\/www.icarspa.it\/auto\/usate\/latina\/\" aria-label=\"banner aprile icar new life &#8211; auto usate latina\"><img loading=\"lazy\" decoding=\"async\" src=\"https:\/\/www.radioluna.it\/news\/wp-content\/uploads\/2026\/02\/banner-aprile-icar-new-life-auto-usate-latina.gif\" alt=\"\"  width=\"300\" height=\"250\"   \/><\/a><\/div><\/div>","protected":false},"excerpt":{"rendered":"<p>LATINA &#8211;\u00a0 Armando Valiani \u00e8 il nuovo coordinatore della \u201cLega Salvini Premier\u201d del Comune di Latina. A ratificare la decisione \u00e8 stato il coordinatore regionale Francesco Zicchieri dopo un\u2019attenta analisi all\u2019interno del partito. Premiato dunque il lavoro svolto sul territorio da parte dell\u2019attuale Segretario Regionale dell\u2019UGL Lazio sempre in prima linea nelle battaglie a favore [&hellip;]<\/p>\n","protected":false},"author":60,"featured_media":0,"comment_status":"open","ping_status":"open","sticky":false,"template":"","format":"standard","meta":{"footnotes":""},"categories":[8],"tags":[],"class_list":["post-249042","post","type-post","status-publish","format-standard","hentry","category-politica"],"_links":{"self":[{"href":"https:\/\/www.radioluna.it\/news\/wp-json\/wp\/v2\/posts\/249042","targetHints":{"allow":["GET"]}}],"collection":[{"href":"https:\/\/www.radioluna.it\/news\/wp-json\/wp\/v2\/posts"}],"about":[{"href":"https:\/\/www.radioluna.it\/news\/wp-json\/wp\/v2\/types\/post"}],"author":[{"embeddable":true,"href":"https:\/\/www.radioluna.it\/news\/wp-json\/wp\/v2\/users\/60"}],"replies":[{"embeddable":true,"href":"https:\/\/www.radioluna.it\/news\/wp-json\/wp\/v2\/comments?post=249042"}],"version-history":[{"count":0,"href":"https:\/\/www.radioluna.it\/news\/wp-json\/wp\/v2\/posts\/249042\/revisions"}],"wp:attachment":[{"href":"https:\/\/www.radioluna.it\/news\/wp-json\/wp\/v2\/media?parent=249042"}],"wp:term":[{"taxonomy":"category","embeddable":true,"href":"https:\/\/www.radioluna.it\/news\/wp-json\/wp\/v2\/categories?post=249042"},{"taxonomy":"post_tag","embeddable":true,"href":"https:\/\/www.radioluna.it\/news\/wp-json\/wp\/v2\/tags?post=249042"}],"curies":[{"name":"wp","href":"https:\/\/api.w.org\/{rel}","templated":true}]}}