{"id":251208,"date":"2019-08-10T15:07:05","date_gmt":"2019-08-10T13:07:05","guid":{"rendered":"https:\/\/www.radioluna.it\/news\/?p=251208"},"modified":"2019-08-11T10:42:06","modified_gmt":"2019-08-11T08:42:06","slug":"posidonia-spiaggiata-al-lido-di-latina-nessun-problema","status":"publish","type":"post","link":"https:\/\/www.radioluna.it\/news\/2019\/08\/posidonia-spiaggiata-al-lido-di-latina-nessun-problema\/","title":{"rendered":"Posidonia spiaggiata al Lido di Latina, nessun problema"},"content":{"rendered":"<div id=\"fb-root\"><\/div>\n<p style=\"text-align: justify;\"><strong>LATINA &#8211; <\/strong>Lo hanno osservato in tanti e anche con un po&#8217; di fastidio. In questi giorni, con le mareggiate, al Lido di Latina si \u00e8 spiaggiata una quantit\u00e0 notevole di vegetazione marina morta, ed \u00e8 quasi obbligatorio affondarci i piedi per andare a fare il bagno. Molti sanno che si tratta di Posidonia, non un&#8217;alga, ma una pianta vera e propria, che vive sui fondali e sugli scogli ed \u00e8 &#8220;l&#8217;ossigeno&#8221; del mare.<\/p>\n<p style=\"text-align: justify;\">&#8220;Il fenomeno di questi giorni non deve affatto preoccupare &#8211; spiega il biologo marino Adriano Madonna &#8211; Agosto infatti \u00e8 per la Posidonia il periodo corrispondente al nostro autunno: le piante vecchie cadono per far posto alle nuove e quelle morte vengono trascinate a riva dalle correnti o dal moto ondoso&#8221;.<\/p>\n<div class=\"radio-posizionamento-telefono-in-articoli-dopo-il-contenuto-articolo radio-entity-placement\" id=\"radio-3371947740\"><div id=\"radio-2377062155\"><a href=\"https:\/\/www.simeoneceramiche.com\/\" aria-label=\"SIMEONE CERAMICHE GIF animata per radioluna_Tavola disegno 1 copia 2 (online-video-cutter.com)\"><img loading=\"lazy\" decoding=\"async\" src=\"https:\/\/www.radioluna.it\/news\/wp-content\/uploads\/2025\/05\/SIMEONE-CERAMICHE-GIF-animata-per-radioluna_Tavola-disegno-1-copia-2-online-video-cutter.com_.gif\" alt=\"\"  width=\"300\" height=\"250\"   \/><\/a><\/div><\/div>","protected":false},"excerpt":{"rendered":"<p>LATINA &#8211; Lo hanno osservato in tanti e anche con un po&#8217; di fastidio. In questi giorni, con le mareggiate, al Lido di Latina si \u00e8 spiaggiata una quantit\u00e0 notevole di vegetazione marina morta, ed \u00e8 quasi obbligatorio affondarci i piedi per andare a fare il bagno. Molti sanno che si tratta di Posidonia, non [&hellip;]<\/p>\n","protected":false},"author":62,"featured_media":251209,"comment_status":"open","ping_status":"open","sticky":false,"template":"","format":"standard","meta":{"footnotes":""},"categories":[12],"tags":[],"class_list":["post-251208","post","type-post","status-publish","format-standard","has-post-thumbnail","hentry","category-ambiente"],"_links":{"self":[{"href":"https:\/\/www.radioluna.it\/news\/wp-json\/wp\/v2\/posts\/251208","targetHints":{"allow":["GET"]}}],"collection":[{"href":"https:\/\/www.radioluna.it\/news\/wp-json\/wp\/v2\/posts"}],"about":[{"href":"https:\/\/www.radioluna.it\/news\/wp-json\/wp\/v2\/types\/post"}],"author":[{"embeddable":true,"href":"https:\/\/www.radioluna.it\/news\/wp-json\/wp\/v2\/users\/62"}],"replies":[{"embeddable":true,"href":"https:\/\/www.radioluna.it\/news\/wp-json\/wp\/v2\/comments?post=251208"}],"version-history":[{"count":0,"href":"https:\/\/www.radioluna.it\/news\/wp-json\/wp\/v2\/posts\/251208\/revisions"}],"wp:featuredmedia":[{"embeddable":true,"href":"https:\/\/www.radioluna.it\/news\/wp-json\/wp\/v2\/media\/251209"}],"wp:attachment":[{"href":"https:\/\/www.radioluna.it\/news\/wp-json\/wp\/v2\/media?parent=251208"}],"wp:term":[{"taxonomy":"category","embeddable":true,"href":"https:\/\/www.radioluna.it\/news\/wp-json\/wp\/v2\/categories?post=251208"},{"taxonomy":"post_tag","embeddable":true,"href":"https:\/\/www.radioluna.it\/news\/wp-json\/wp\/v2\/tags?post=251208"}],"curies":[{"name":"wp","href":"https:\/\/api.w.org\/{rel}","templated":true}]}}