{"id":251406,"date":"2019-08-19T14:06:23","date_gmt":"2019-08-19T12:06:23","guid":{"rendered":"https:\/\/www.radioluna.it\/news\/?p=251406"},"modified":"2019-08-24T16:04:38","modified_gmt":"2019-08-24T14:04:38","slug":"a-sabaudia-sognando-la-ciclovia-del-mare-gervasi-ora-abbiamo-il-prototipo","status":"publish","type":"post","link":"https:\/\/www.radioluna.it\/news\/2019\/08\/a-sabaudia-sognando-la-ciclovia-del-mare-gervasi-ora-abbiamo-il-prototipo\/","title":{"rendered":"A Sabaudia sognando la Ciclovia del Mare. Gervasi: &#8220;Ora abbiamo il prototipo&#8221;"},"content":{"rendered":"<div id=\"fb-root\"><\/div>\n<p style=\"text-align: justify;\"><strong>SABAUDIA\u00a0<\/strong> &#8211; Si chiama Le Ciclovie del Mare il progetto presentato alcuni giorni fa dal direttore del Parco Nazionale del Circeo Paolo Cassola, cui sono destinati due milioni di euro messi a disposizione dal Ministero per l\u2019Ambiente per interventi salva-clima e dovr\u00e0 essere realizzato nell\u2019arco di cinque anni al massimo, in accordo e con la partecipazione diretta del comune di Sabaudia che vi destiner\u00e0 altre risorse. Un circuito pensato per\u00a0 indurre una nuova mobilit\u00e0, sostenibile, collegando i principali punti del territorio del Parco, ma anche per valorizzare le bellezze naturali e culturali, e non ultimo, immaginando che possa diventare tappa di importanti ciclovie come Eurovelo 7 e la Ciclovia Tirrenica.<\/p>\n<p style=\"text-align: justify;\">A Sabaudia sar\u00e0 realizzato il tratto pi\u00f9 suggestivo di una rete che collegher\u00e0 anche Latina e Circeo, con diramazioni a Caprolace, alla Sorresca e nel centro della citt\u00e0 razionalista. Il percorso sar\u00e0 in materiale biocomponente come quello utilizzato per il primo chilometro e mezzo e che oggi rappresenta una sorta di prototipo, di prova zero.<\/p>\n<p style=\"text-align: justify;\">&#8220;Si tratta di un materiale destinato a durare nel tempo e che aumenta la fruibilit\u00e0 del percorso rendendolo accessibile anche a chi ha problemi motori&#8221;, spiega Gervasi anticipando le prossime tappe del progetto che cambier\u00e0 il modo di godere il lungomare di Sabaudia.<\/p>\n<p>ASCOLTA<\/p>\n<audio class=\"wp-audio-shortcode\" id=\"audio-251406-1\" preload=\"none\" style=\"width: 100%;\" controls=\"controls\"><source type=\"audio\/mpeg\" src=\"https:\/\/www.radioluna.it\/news\/wp-content\/uploads\/2019\/08\/giada-gervasi.mp3?_=1\" \/><a href=\"https:\/\/www.radioluna.it\/news\/wp-content\/uploads\/2019\/08\/giada-gervasi.mp3\">https:\/\/www.radioluna.it\/news\/wp-content\/uploads\/2019\/08\/giada-gervasi.mp3<\/a><\/audio>\n<div class=\"radio-posizionamento-telefono-in-articoli-dopo-il-contenuto-articolo radio-entity-placement\" id=\"radio-1019936912\"><div id=\"radio-157271049\" style=\"width: 300px;height: 250px;\"><a href=\"https:\/\/www.icarspa.it\/auto\/usate\/latina\/\" aria-label=\"banner aprile icar new life &#8211; auto usate latina\"><img loading=\"lazy\" decoding=\"async\" src=\"https:\/\/www.radioluna.it\/news\/wp-content\/uploads\/2026\/02\/banner-aprile-icar-new-life-auto-usate-latina.gif\" alt=\"\"  width=\"300\" height=\"250\"   \/><\/a><\/div><\/div>","protected":false},"excerpt":{"rendered":"<p>SABAUDIA\u00a0 &#8211; Si chiama Le Ciclovie del Mare il progetto presentato alcuni giorni fa dal direttore del Parco Nazionale del Circeo Paolo Cassola, cui sono destinati due milioni di euro messi a disposizione dal Ministero per l\u2019Ambiente per interventi salva-clima e dovr\u00e0 essere realizzato nell\u2019arco di cinque anni al massimo, in accordo e con la [&hellip;]<\/p>\n","protected":false},"author":62,"featured_media":251417,"comment_status":"open","ping_status":"open","sticky":false,"template":"","format":"standard","meta":{"footnotes":""},"categories":[12,2310],"tags":[],"class_list":["post-251406","post","type-post","status-publish","format-standard","has-post-thumbnail","hentry","category-ambiente","category-audio"],"_links":{"self":[{"href":"https:\/\/www.radioluna.it\/news\/wp-json\/wp\/v2\/posts\/251406","targetHints":{"allow":["GET"]}}],"collection":[{"href":"https:\/\/www.radioluna.it\/news\/wp-json\/wp\/v2\/posts"}],"about":[{"href":"https:\/\/www.radioluna.it\/news\/wp-json\/wp\/v2\/types\/post"}],"author":[{"embeddable":true,"href":"https:\/\/www.radioluna.it\/news\/wp-json\/wp\/v2\/users\/62"}],"replies":[{"embeddable":true,"href":"https:\/\/www.radioluna.it\/news\/wp-json\/wp\/v2\/comments?post=251406"}],"version-history":[{"count":0,"href":"https:\/\/www.radioluna.it\/news\/wp-json\/wp\/v2\/posts\/251406\/revisions"}],"wp:featuredmedia":[{"embeddable":true,"href":"https:\/\/www.radioluna.it\/news\/wp-json\/wp\/v2\/media\/251417"}],"wp:attachment":[{"href":"https:\/\/www.radioluna.it\/news\/wp-json\/wp\/v2\/media?parent=251406"}],"wp:term":[{"taxonomy":"category","embeddable":true,"href":"https:\/\/www.radioluna.it\/news\/wp-json\/wp\/v2\/categories?post=251406"},{"taxonomy":"post_tag","embeddable":true,"href":"https:\/\/www.radioluna.it\/news\/wp-json\/wp\/v2\/tags?post=251406"}],"curies":[{"name":"wp","href":"https:\/\/api.w.org\/{rel}","templated":true}]}}