{"id":251424,"date":"2019-08-20T08:29:23","date_gmt":"2019-08-20T06:29:23","guid":{"rendered":"https:\/\/www.radioluna.it\/news\/?p=251424"},"modified":"2019-08-20T08:29:23","modified_gmt":"2019-08-20T06:29:23","slug":"a-sermoneta-il-festival-internazionale-del-folklore","status":"publish","type":"post","link":"https:\/\/www.radioluna.it\/news\/2019\/08\/a-sermoneta-il-festival-internazionale-del-folklore\/","title":{"rendered":"A Sermoneta il Festival Internazionale del Folklore"},"content":{"rendered":"<div id=\"fb-root\"><\/div>\n<p style=\"text-align: justify;\"><strong>SERMONETA<\/strong> &#8211; Sermoneta sar\u00e0 palcoscenico mondiale dal 22 al 25 agosto per la quinta edizione del Festival internazionale \u201cSermoneta in folklore\u201d, che ospiter\u00e0 gruppi provenienti da vari paesi del mondo nel segno dello scambio culturale e della passione per la cultura tradizionale. La manifestazione \u00e8 organizzata dall&#8217;Associazione Sbandieratori Ducato Caetani con il contributo del Comune di Sermoneta, in collaborazione con la Fondazione Caetani. Accanto agli Sbandieratori di Sermoneta ci saranno gruppi folk provenienti da Cile, Colombia e Taiwan e i \u201cTrinacria bedda\u201d dalla Sicilia.<br \/>\nSi parte gioved\u00ec 22 agosto con l&#8217;inaugurazione del festival alle ore 21 al Belvedere di Sermoneta. Venerd\u00ec 23 agosto il festival si sposta in piazza a Sabaudia, a partire dalle ore 20 nel centro della citt\u00e0. Altra trasferta quella di sabato 24 alle 21 nel centro di Nettuno con i gruppi di Sicilia, Cile, Colombia, Taiwan e gli sbandieratori di Sermoneta che sfileranno per il centro citt\u00e0 e nel borgo antico, ospiti dell\u2019amministrazione comunale e della Pro loco.<br \/>\nGran finale domenica 25 agosto a Sermoneta: alle 20.30 le delegazioni di Cile, Colombia e Taiwan partiranno da fuoriporta per arrivare, alle 21.30, al Belvedere per la serata di chiusura del festival.<\/p>\n<div class=\"radio-posizionamento-telefono-in-articoli-dopo-il-contenuto-articolo radio-entity-placement\" id=\"radio-3139881415\"><div id=\"radio-254520343\"><a href=\"https:\/\/www.simeoneceramiche.com\/\" aria-label=\"SIMEONE CERAMICHE GIF animata per radioluna_Tavola disegno 1 copia 2 (online-video-cutter.com)\"><img loading=\"lazy\" decoding=\"async\" src=\"https:\/\/www.radioluna.it\/news\/wp-content\/uploads\/2025\/05\/SIMEONE-CERAMICHE-GIF-animata-per-radioluna_Tavola-disegno-1-copia-2-online-video-cutter.com_.gif\" alt=\"\"  width=\"300\" height=\"250\"   \/><\/a><\/div><\/div>","protected":false},"excerpt":{"rendered":"<p>SERMONETA &#8211; Sermoneta sar\u00e0 palcoscenico mondiale dal 22 al 25 agosto per la quinta edizione del Festival internazionale \u201cSermoneta in folklore\u201d, che ospiter\u00e0 gruppi provenienti da vari paesi del mondo nel segno dello scambio culturale e della passione per la cultura tradizionale. La manifestazione \u00e8 organizzata dall&#8217;Associazione Sbandieratori Ducato Caetani con il contributo del Comune [&hellip;]<\/p>\n","protected":false},"author":60,"featured_media":251425,"comment_status":"open","ping_status":"open","sticky":false,"template":"","format":"standard","meta":{"footnotes":""},"categories":[16],"tags":[],"class_list":["post-251424","post","type-post","status-publish","format-standard","has-post-thumbnail","hentry","category-appuntamenti"],"_links":{"self":[{"href":"https:\/\/www.radioluna.it\/news\/wp-json\/wp\/v2\/posts\/251424","targetHints":{"allow":["GET"]}}],"collection":[{"href":"https:\/\/www.radioluna.it\/news\/wp-json\/wp\/v2\/posts"}],"about":[{"href":"https:\/\/www.radioluna.it\/news\/wp-json\/wp\/v2\/types\/post"}],"author":[{"embeddable":true,"href":"https:\/\/www.radioluna.it\/news\/wp-json\/wp\/v2\/users\/60"}],"replies":[{"embeddable":true,"href":"https:\/\/www.radioluna.it\/news\/wp-json\/wp\/v2\/comments?post=251424"}],"version-history":[{"count":0,"href":"https:\/\/www.radioluna.it\/news\/wp-json\/wp\/v2\/posts\/251424\/revisions"}],"wp:featuredmedia":[{"embeddable":true,"href":"https:\/\/www.radioluna.it\/news\/wp-json\/wp\/v2\/media\/251425"}],"wp:attachment":[{"href":"https:\/\/www.radioluna.it\/news\/wp-json\/wp\/v2\/media?parent=251424"}],"wp:term":[{"taxonomy":"category","embeddable":true,"href":"https:\/\/www.radioluna.it\/news\/wp-json\/wp\/v2\/categories?post=251424"},{"taxonomy":"post_tag","embeddable":true,"href":"https:\/\/www.radioluna.it\/news\/wp-json\/wp\/v2\/tags?post=251424"}],"curies":[{"name":"wp","href":"https:\/\/api.w.org\/{rel}","templated":true}]}}