{"id":251573,"date":"2019-08-23T15:18:16","date_gmt":"2019-08-23T13:18:16","guid":{"rendered":"https:\/\/www.radioluna.it\/news\/?p=251573"},"modified":"2019-08-23T15:18:16","modified_gmt":"2019-08-23T13:18:16","slug":"la-rassegna-libri-nel-parco-si-sposta-sul-mare-a-sabaudia","status":"publish","type":"post","link":"https:\/\/www.radioluna.it\/news\/2019\/08\/la-rassegna-libri-nel-parco-si-sposta-sul-mare-a-sabaudia\/","title":{"rendered":"La rassegna Libri nel Parco si sposta sul mare a Sabaudia"},"content":{"rendered":"<div id=\"fb-root\"><\/div>\n<p style=\"text-align: justify;\"><strong>SABAUDIA &#8211;<\/strong> La rassegna \u201cLibri nel Parco\u201d si sposta\u2026sul mare. Sar\u00e0 la cornice dell\u2019Hotel Oasi di Kufra ad ospitare tre eventi al tramonto. Si comincia oggi con il libro \u201cMussolini e i ladri di regime\u201d scritto da Mauro Canali e Clemente Volpini, modera la giornalista Licia Pastore.<\/p>\n<p style=\"text-align: justify;\">Mauro Canali \u00e8 docente di Storia contemporanea all&#8217;Universit\u00e0 di Camerino. Allievo di Renzo De Felice, ha tenuto conferenze e lezioni in universit\u00e0 europee e americane e, nel 2006, \u00e8 stato visiting scholar all&#8217;Universit\u00e0 di Harvard. Collabora con il periodico \u00abNuova storia contemporanea\u00bb, il \u00abJournal of Modern Italian Studies\u00bb e le pagine culturali di \u00abRepubblica\u00bb. \u00c8 consulente e membro del comitato scientifico di Rai Storia.<\/p>\n<p style=\"text-align: justify;\">Clemente Volpini \u00e8 autore televisivo e documentarista, lavora per Rai Storia. Tra i suoi programmi: Ben e Clara. Le ultime lettere, Il Tempo e la Storia, Passato e Presente, L\u2019Italia della Repubblica e Argo. Tra i suoi documentari Mussolini il cadavere vivente, con Michele Placido e Maya Sansa, ha vinto l\u2019Eutelsat Tv Awards come miglior programma.<\/p>\n<p style=\"text-align: justify;\">A seguire il 24 agosto \u201cQuelli cattivi\u201d di Massimo Lugli ed Antonio Del Greco che tornano a Sabaudia dopo il successo dello scorso anno quando sempre nell\u2019ambito della rassegna Libri nel Parco presentarono a Sabaudia \u201cIl canaro della Magliana\u201d. Modera il giornalista de La Repubblica, Clemente Pistilli.<\/p>\n<p style=\"text-align: justify;\">Massimo Lugli \u00e8 un giornalista e scrittore italiano, inviato speciale de La Repubblica per la cronaca nera e autore di romanzi gialli.<\/p>\n<p style=\"text-align: justify;\">Antonio Del Greco \u00e8 entrato in Polizia nel 1978. Dopo i primi incarichi alla Questura di Milano, \u00e8 stato dirigente della Omicidi. Sue le indagini su alcuni dei pi\u00f9 grandi casi di cronaca nera degli ultimi anni, tra cui l\u2019omicidio del \u201cCanaro\u201d alla Magliana, la cattura di Johnny lo Zingaro, il delitto di via Poma, la Banda della Magliana. Attualmente \u00e8 direttore operativo di Italpol Vigilanza.<\/p>\n<p style=\"text-align: justify;\">Marted\u00ec 27 agosto l\u2019ospite sar\u00e0 Giulio Cavalli con il libro \u201cCarnaio\u201d finalista del premio Campiello, modera la giornalista Licia Pastore ed interviene l\u2019Assessore alla Cultura del Comune di Latina Silvio Di Francia.<\/p>\n<p style=\"text-align: justify;\">Giulio Cavalli \u00e8 uno scrittore, attore, regista italiano. I suoi libri e i suoi spettacoli sono spesso legati a storie del presente.\u00a0 Scrivo per Left, per Fanpage, per L\u2019Espresso e ha scritto per Il Fatto Quotidiano.<\/p>\n<p style=\"text-align: justify;\">Tutti gli appuntamenti si terranno a partire dalle 19 presso il lounge bar dell\u2019Oasi di Kufra. La rassegna Libri nel Parco patrocinata dal Comune di Sabaudia e dalla Regione Lazio \u00e8 stata ideata ed \u00e8 promossa ed organizzata dall\u2019associazione Sabaudia Culturando. Uno degli obiettivi principali del progetto \u00e8 quello di alternare alle firme pi\u00f9 note, autori emergenti scegliendo Sabaudia che da sempre \u00e8 un\u2019ottima vetrina per la cultura. In questo senso nuove collaborazioni per la scelta della location fanno sicuramente la differenza. \u201cL\u2019Oasi di Kufra \u2013 commenta il presidente dell\u2019associazione Sabaudia Culturando, Ilaria Pallocchini &#8211; \u00a0\u00e8 sempre stata vicina alla nostra associazione e quest&#8217;anno le abbiamo proposto alcuni appuntamenti di rilievo: lo spettacolo del tramonto sul nostro mare ci \u00e8 sembrata la cornice giusta per riconfermare il motto che accompagna dalla sua nascita la rassegna Libri nel parco &#8220;quando la cultura incontra la natura&#8221;. L&#8217;idea \u00e8 piaciuta subito alla direzione ed ora siamo orgogliosi di poter realizzare questi appuntamenti con Mauro Canali, Clemente Volpini, Massimo Lugli, Antonio del Greco e Giulio Cavalli finalista del premio campiello 2019.\u201d L\u2019ingresso \u00e8 gratuito.<\/p>\n<div class=\"radio-posizionamento-telefono-in-articoli-dopo-il-contenuto-articolo radio-entity-placement\" id=\"radio-184910592\"><div id=\"radio-641526082\"><a href=\"https:\/\/grupporedi.it\/\" aria-label=\"Redi-Qr\"><img loading=\"lazy\" decoding=\"async\" src=\"https:\/\/www.radioluna.it\/news\/wp-content\/uploads\/2026\/03\/Redi-Qr.jpg\" alt=\"\"  srcset=\"https:\/\/www.radioluna.it\/news\/wp-content\/uploads\/2026\/03\/Redi-Qr.jpg 800w, https:\/\/www.radioluna.it\/news\/wp-content\/uploads\/2026\/03\/Redi-Qr-768x639.jpg 768w\" sizes=\"(max-width: 800px) 100vw, 800px\" width=\"300\" height=\"250\"   \/><\/a><\/div><\/div>","protected":false},"excerpt":{"rendered":"<p>SABAUDIA &#8211; La rassegna \u201cLibri nel Parco\u201d si sposta\u2026sul mare. Sar\u00e0 la cornice dell\u2019Hotel Oasi di Kufra ad ospitare tre eventi al tramonto. Si comincia oggi con il libro \u201cMussolini e i ladri di regime\u201d scritto da Mauro Canali e Clemente Volpini, modera la giornalista Licia Pastore. Mauro Canali \u00e8 docente di Storia contemporanea all&#8217;Universit\u00e0 [&hellip;]<\/p>\n","protected":false},"author":60,"featured_media":247816,"comment_status":"open","ping_status":"open","sticky":false,"template":"","format":"standard","meta":{"footnotes":""},"categories":[16],"tags":[],"class_list":["post-251573","post","type-post","status-publish","format-standard","has-post-thumbnail","hentry","category-appuntamenti"],"_links":{"self":[{"href":"https:\/\/www.radioluna.it\/news\/wp-json\/wp\/v2\/posts\/251573","targetHints":{"allow":["GET"]}}],"collection":[{"href":"https:\/\/www.radioluna.it\/news\/wp-json\/wp\/v2\/posts"}],"about":[{"href":"https:\/\/www.radioluna.it\/news\/wp-json\/wp\/v2\/types\/post"}],"author":[{"embeddable":true,"href":"https:\/\/www.radioluna.it\/news\/wp-json\/wp\/v2\/users\/60"}],"replies":[{"embeddable":true,"href":"https:\/\/www.radioluna.it\/news\/wp-json\/wp\/v2\/comments?post=251573"}],"version-history":[{"count":0,"href":"https:\/\/www.radioluna.it\/news\/wp-json\/wp\/v2\/posts\/251573\/revisions"}],"wp:featuredmedia":[{"embeddable":true,"href":"https:\/\/www.radioluna.it\/news\/wp-json\/wp\/v2\/media\/247816"}],"wp:attachment":[{"href":"https:\/\/www.radioluna.it\/news\/wp-json\/wp\/v2\/media?parent=251573"}],"wp:term":[{"taxonomy":"category","embeddable":true,"href":"https:\/\/www.radioluna.it\/news\/wp-json\/wp\/v2\/categories?post=251573"},{"taxonomy":"post_tag","embeddable":true,"href":"https:\/\/www.radioluna.it\/news\/wp-json\/wp\/v2\/tags?post=251573"}],"curies":[{"name":"wp","href":"https:\/\/api.w.org\/{rel}","templated":true}]}}