{"id":251737,"date":"2019-08-31T06:56:53","date_gmt":"2019-08-31T04:56:53","guid":{"rendered":"https:\/\/www.radioluna.it\/news\/?p=251737"},"modified":"2019-08-31T06:56:53","modified_gmt":"2019-08-31T04:56:53","slug":"top-volley-latina-prosegue-la-preparazione","status":"publish","type":"post","link":"https:\/\/www.radioluna.it\/news\/2019\/08\/top-volley-latina-prosegue-la-preparazione\/","title":{"rendered":"Top Volley Latina, prosegue la preparazione"},"content":{"rendered":"<div id=\"fb-root\"><\/div>\n<p style=\"text-align: justify;\">LATINA &#8211; Archiviata anche la seconda settimana di preparazione atletica \u00e8 tempo di un primo bilancio. Il 20 ottobre ripartir\u00e0 il campionato di Superlega con la formazione pontina impegnata contro Perugia nel palazzetto dello sport di Cisterna di Latina e la\u00a0squadra guidata da coach Lorenzo Tubertini sta lavorando a ranghi ridotti, proprio come tutte le altre squadre di Superlega, viste le assenze dei giocatori impegnati con le rispettive Nazionali. \u201cLa seconda settimana \u00e8 stata la prima di lavoro con i salti, abbiamo\u00a0introdotto degli argomenti tecnici nuovi e, in quest\u2019ottica, i primi feedback sono gi\u00e0 arrivati &#8211; spiega Lorenzo Tubertini, coach della Top Volley &#8211; l\u2019attivit\u00e0 di ricondizionamento iniziale era una parte necessaria di avvicinamento al gesto tecnico mentre ora siamo in\u00a0una fase in cui si inizia a entrare sempre pi\u00f9 nel dettaglio individualmente con il lavoro tecnico\u201d.<\/p>\n<p style=\"text-align: justify;\">Il primo allenamento congiunto, in programma gioved\u00ec 12 settembre alle 16:00 al palazzetto dello sport di Cisterna di Latina, \u00e8 in programma contro il Sabaudia Pallavolo, formazione che parteciper\u00e0 al prossimo campionato di serie A3. In quell\u2019occasione la Top\u00a0Volley scender\u00e0 in campo per la prima volta in una sfida con la nuova divisa Joma, che ovviamente sar\u00e0 molto differente dalla maglia ufficiale per il campionato che verr\u00e0 presentata a ridosso dell\u2019inizio della stagione.\u00a0\u201cDopo il lavoro iniziale con piscina, palestra e sabbia, ricominceremo la terza settimana con molti dati a disposizione cos\u00ec da poter iniziare un ciclo di lavoro analitico che continuer\u00e0 fino all\u2019arrivo dei primi giocatori che attualmente sono impegnati con le\u00a0Nazionali &#8211; conclude il coach &#8211; L\u2019allenamento congiunto servir\u00e0 per dare, specie ai pi\u00f9 giovani, dei primi riferimenti importanti\u00a0\u00a0cos\u00ec potremo capire a che livello sono visto che, in questa fase, avranno la possibilit\u00e0 di giocare un po\u2019 di pi\u00f9\u201d.<\/p>\n<p style=\"text-align: justify;\">PROGRAMMA &#8211; Domani (domenica) pomeriggio alle 19 la Top Volley sar\u00e0 presente alla Festa dello sport di Pontinia con Daniele Sottile, Mimmo Cavaccini, Samuel Onwuelo e Luca Rossato con la presenza del direttore sportivo Candido Grande. Luned\u00ec prossimo, 2 settembre, la ripresa degli allenamenti \u00e8 fissata per le 9 con la seduta pesi al PalaFitness di Latina mentre nel pomeriggio tecnica al palazzetto dello sport di Cisterna di Latina dalle 15:30 alle 17:30 con l\u2019allenamento che \u00e8 aperto al pubblico\u00a0cos\u00ec come lo sono tutti gli allenamenti pomeridiani al palasport di Cisterna. Marted\u00ec mattina di riposo poi nel pomeriggio ancora tecnica e cos\u00ec via fino a venerd\u00ec 6 settembre con il programma dettagliato che \u00e8 pubblicato sul sito internet ufficiale del Club.<\/p>\n<div class=\"radio-posizionamento-telefono-in-articoli-dopo-il-contenuto-articolo radio-entity-placement\" id=\"radio-605195685\"><div id=\"radio-2281072276\"><a href=\"https:\/\/grupporedi.it\/\" aria-label=\"Redi-Qr\"><img loading=\"lazy\" decoding=\"async\" src=\"https:\/\/www.radioluna.it\/news\/wp-content\/uploads\/2026\/03\/Redi-Qr.jpg\" alt=\"\"  srcset=\"https:\/\/www.radioluna.it\/news\/wp-content\/uploads\/2026\/03\/Redi-Qr.jpg 800w, https:\/\/www.radioluna.it\/news\/wp-content\/uploads\/2026\/03\/Redi-Qr-768x639.jpg 768w\" sizes=\"(max-width: 800px) 100vw, 800px\" width=\"300\" height=\"250\"   \/><\/a><\/div><\/div>","protected":false},"excerpt":{"rendered":"<p>LATINA &#8211; Archiviata anche la seconda settimana di preparazione atletica \u00e8 tempo di un primo bilancio. Il 20 ottobre ripartir\u00e0 il campionato di Superlega con la formazione pontina impegnata contro Perugia nel palazzetto dello sport di Cisterna di Latina e la\u00a0squadra guidata da coach Lorenzo Tubertini sta lavorando a ranghi ridotti, proprio come tutte le [&hellip;]<\/p>\n","protected":false},"author":5430,"featured_media":0,"comment_status":"open","ping_status":"open","sticky":false,"template":"","format":"standard","meta":{"footnotes":""},"categories":[17],"tags":[],"class_list":["post-251737","post","type-post","status-publish","format-standard","hentry","category-sport"],"_links":{"self":[{"href":"https:\/\/www.radioluna.it\/news\/wp-json\/wp\/v2\/posts\/251737","targetHints":{"allow":["GET"]}}],"collection":[{"href":"https:\/\/www.radioluna.it\/news\/wp-json\/wp\/v2\/posts"}],"about":[{"href":"https:\/\/www.radioluna.it\/news\/wp-json\/wp\/v2\/types\/post"}],"author":[{"embeddable":true,"href":"https:\/\/www.radioluna.it\/news\/wp-json\/wp\/v2\/users\/5430"}],"replies":[{"embeddable":true,"href":"https:\/\/www.radioluna.it\/news\/wp-json\/wp\/v2\/comments?post=251737"}],"version-history":[{"count":0,"href":"https:\/\/www.radioluna.it\/news\/wp-json\/wp\/v2\/posts\/251737\/revisions"}],"wp:attachment":[{"href":"https:\/\/www.radioluna.it\/news\/wp-json\/wp\/v2\/media?parent=251737"}],"wp:term":[{"taxonomy":"category","embeddable":true,"href":"https:\/\/www.radioluna.it\/news\/wp-json\/wp\/v2\/categories?post=251737"},{"taxonomy":"post_tag","embeddable":true,"href":"https:\/\/www.radioluna.it\/news\/wp-json\/wp\/v2\/tags?post=251737"}],"curies":[{"name":"wp","href":"https:\/\/api.w.org\/{rel}","templated":true}]}}