{"id":251852,"date":"2019-09-03T09:01:50","date_gmt":"2019-09-03T07:01:50","guid":{"rendered":"https:\/\/www.radioluna.it\/news\/?p=251852"},"modified":"2019-09-10T11:16:37","modified_gmt":"2019-09-10T09:16:37","slug":"canottaggio-sabaudia-fa-il-bis-dopo-la-coppa-del-mondo-arriva-leuropeo-junior","status":"publish","type":"post","link":"https:\/\/www.radioluna.it\/news\/2019\/09\/canottaggio-sabaudia-fa-il-bis-dopo-la-coppa-del-mondo-arriva-leuropeo-junior\/","title":{"rendered":"Canottaggio, Sabaudia fa il bis: dopo la Coppa del Mondo, arriva l\u2019Europeo Junior"},"content":{"rendered":"<div id=\"fb-root\"><\/div>\n<p style=\"text-align: justify;\"><strong>SABAUDIA &#8211; <\/strong>Sabaudia ospiter\u00e0 l\u2019Europeo Junior 2022 di canottaggio. La notizia \u00e8 stata ufficializzata al termine dell\u2019incontro delle federazioni europee che si \u00e8 svolto nell\u2019ultima giornata dei Mondiali Assoluti a Linz in Austria. Due anni soli separeranno dunque la prima prova della Coppa del Mondo di Canottaggio in programma nel prossimo aprile sul Lago di Paola, dall&#8217;altro prestigioso appuntamento sportivo che la citt\u00e0 delle dune \u00e8 riuscita ad aggiudicarsi battendo la cittadina russa di Rostov sul Don.Varese, invece, ospiter\u00e0 gli Europei Assoluti 2021.<\/p>\n<p style=\"text-align: justify;\">\u201cHo appreso la notizia della rilevante assegnazione con estrema soddisfazione. Una scelta che ci d\u00e0 il segno di come la nostra Amministrazione sia riuscita a ricollocare Sabaudia nel circuito dello sport ad alti livelli. Sar\u00e0 un piacere vedere gareggiare le giovani promesse del canottaggio europeo nella citt\u00e0 delle dune che ancora una volta d\u00e0 riprova della sua naturale vocazione sportiva. Da assessore e da sportivo non posso che dire che siamo pronti e felici di affrontare questa nuova sfida\u201d, commenta l\u2019assessore allo sport Alessio Sartori.<\/p>\n<p style=\"text-align: justify;\">\u201cSabaudia dimostra sempre pi\u00f9 di essere capitale dello sport. L\u2019assegnazione della gara europea del 2022 ci riempie di orgoglio e felicit\u00e0 per un territorio che ha tutte le capacit\u00e0 e le potenzialit\u00e0 per essere il palcoscenico di competizioni sportive cos\u00ec importanti e dal respiro internazionale. L\u2019Europeo Junior 2022 va ad aggiungersi alla prima prova di Coppa del Mondo di canottaggio di aprile 2020 confermando che il lavoro di squadra che stiamo svolgendo con tutti gli attori interessati \u00e8 il giusto percorso per aprire nuove opportunit\u00e0 di sviluppo economico per l\u2019intero territorio. Risultati importanti che \u00e8 possibile raggiungere solo grazie alla condivisione e all\u2019impegno profusi in sinergia tra l\u2019Ente, la propriet\u00e0 del bacino lacustre la famiglia Scalfati, l\u2019Azienda Vallicola del Lago di Paola e le Forze Militari. Rappresenta, inoltre, insieme agli eccellenti risultati ottenuti dai nostri atleti che prenderanno parte alle Olimpiadi di Tokyo in programma il prossimo anno un altro passo in avanti per riportare il nome di Sabaudia nell&#8217;olimpo del canottaggio&#8221;, dichiara la sindaca Gervasi.<\/p>\n<div class=\"radio-posizionamento-telefono-in-articoli-dopo-il-contenuto-articolo radio-entity-placement\" id=\"radio-2812648349\"><div id=\"radio-504290756\" style=\"width: 300px;height: 250px;\"><a href=\"https:\/\/www.icarspa.it\/auto\/usate\/latina\/\" aria-label=\"banner aprile icar new life &#8211; auto usate latina\"><img loading=\"lazy\" decoding=\"async\" src=\"https:\/\/www.radioluna.it\/news\/wp-content\/uploads\/2026\/02\/banner-aprile-icar-new-life-auto-usate-latina.gif\" alt=\"\"  width=\"300\" height=\"250\"   \/><\/a><\/div><\/div>","protected":false},"excerpt":{"rendered":"<p>SABAUDIA &#8211; Sabaudia ospiter\u00e0 l\u2019Europeo Junior 2022 di canottaggio. La notizia \u00e8 stata ufficializzata al termine dell\u2019incontro delle federazioni europee che si \u00e8 svolto nell\u2019ultima giornata dei Mondiali Assoluti a Linz in Austria. Due anni soli separeranno dunque la prima prova della Coppa del Mondo di Canottaggio in programma nel prossimo aprile sul Lago di [&hellip;]<\/p>\n","protected":false},"author":62,"featured_media":251853,"comment_status":"open","ping_status":"open","sticky":false,"template":"","format":"standard","meta":{"footnotes":""},"categories":[17],"tags":[],"class_list":["post-251852","post","type-post","status-publish","format-standard","has-post-thumbnail","hentry","category-sport"],"_links":{"self":[{"href":"https:\/\/www.radioluna.it\/news\/wp-json\/wp\/v2\/posts\/251852","targetHints":{"allow":["GET"]}}],"collection":[{"href":"https:\/\/www.radioluna.it\/news\/wp-json\/wp\/v2\/posts"}],"about":[{"href":"https:\/\/www.radioluna.it\/news\/wp-json\/wp\/v2\/types\/post"}],"author":[{"embeddable":true,"href":"https:\/\/www.radioluna.it\/news\/wp-json\/wp\/v2\/users\/62"}],"replies":[{"embeddable":true,"href":"https:\/\/www.radioluna.it\/news\/wp-json\/wp\/v2\/comments?post=251852"}],"version-history":[{"count":0,"href":"https:\/\/www.radioluna.it\/news\/wp-json\/wp\/v2\/posts\/251852\/revisions"}],"wp:featuredmedia":[{"embeddable":true,"href":"https:\/\/www.radioluna.it\/news\/wp-json\/wp\/v2\/media\/251853"}],"wp:attachment":[{"href":"https:\/\/www.radioluna.it\/news\/wp-json\/wp\/v2\/media?parent=251852"}],"wp:term":[{"taxonomy":"category","embeddable":true,"href":"https:\/\/www.radioluna.it\/news\/wp-json\/wp\/v2\/categories?post=251852"},{"taxonomy":"post_tag","embeddable":true,"href":"https:\/\/www.radioluna.it\/news\/wp-json\/wp\/v2\/tags?post=251852"}],"curies":[{"name":"wp","href":"https:\/\/api.w.org\/{rel}","templated":true}]}}