{"id":252012,"date":"2019-09-06T16:05:11","date_gmt":"2019-09-06T14:05:11","guid":{"rendered":"https:\/\/www.radioluna.it\/news\/?p=252012"},"modified":"2019-09-06T16:05:11","modified_gmt":"2019-09-06T14:05:11","slug":"finita-lestate-la-uisp-di-latina-torna-a-correre","status":"publish","type":"post","link":"https:\/\/www.radioluna.it\/news\/2019\/09\/finita-lestate-la-uisp-di-latina-torna-a-correre\/","title":{"rendered":"Finita l&#8217;estate, la Uisp di Latina torna a correre"},"content":{"rendered":"<div id=\"fb-root\"><\/div>\n<p style=\"text-align: justify;\"><strong>LATINA &#8211;<\/strong> La pausa estiva \u00e8 ormai andata in archivio negli uffici del Comitato Territoriale Uisp di Latina. L\u2019intero staff \u00e8 infatti mobilitato per organizzare la chiusura in bellezza del 29esimo Grande Slam Uisp. Si ricomincer\u00e0 domenica con una gara fuori provincia, a Morolo, e si proseguir\u00e0 sabato 8 settembre con il 34esimo \u201cTrofeo Madonna della Vittoria\u201d, tappa argento programmata in localit\u00e0 Le Prata, a Sermoneta. Gli eventi Uisp di questo 2019 culmineranno a Sabaudia il 27 ottobre, con l\u2019attesissima Mezza Maratona, e il 24 novembre, con la nuova \u201cCisterna Run \u2013 Trofeo Carrefour\u201d. Quest\u2019ultima \u00e8 l\u2019ennesima iniziativa della societ\u00e0 \u201cNuova Atletica Cisterna\u201d, gi\u00e0 distintasi per aver organizzato il Memorial Calvani a Latina Scalo e il primo \u201cTrofeo Valvisciolo\u201d. Un discorso a parte lo merita l\u2019appuntamento nel capoluogo il 1 dicembre, la 22esima Maratona di Latina. La corsa podistica per eccellenza, patrocinata dal Comune, sar\u00e0 abbinata come di consueto ad una competitiva di 10 chilometri e ad una stracittadina di due chilometri. Per la Maratona, tra l\u2019altro, si \u00e8 pensato di lanciare un\u2019interessante promozione: chi si iscriver\u00e0 entro il 30 settembre verser\u00e0 una quota di soli 20 euro.<\/p>\n","protected":false},"excerpt":{"rendered":"<p>LATINA &#8211; La pausa estiva \u00e8 ormai andata in archivio negli uffici del Comitato Territoriale Uisp di Latina. L\u2019intero staff \u00e8 infatti mobilitato per organizzare la chiusura in bellezza del 29esimo Grande Slam Uisp. Si ricomincer\u00e0 domenica con una gara fuori provincia, a Morolo, e si proseguir\u00e0 sabato 8 settembre con il 34esimo \u201cTrofeo Madonna [&hellip;]<\/p>\n","protected":false},"author":5430,"featured_media":0,"comment_status":"open","ping_status":"open","sticky":false,"template":"","format":"standard","meta":{"footnotes":""},"categories":[17],"tags":[],"class_list":["post-252012","post","type-post","status-publish","format-standard","hentry","category-sport"],"_links":{"self":[{"href":"https:\/\/www.radioluna.it\/news\/wp-json\/wp\/v2\/posts\/252012","targetHints":{"allow":["GET"]}}],"collection":[{"href":"https:\/\/www.radioluna.it\/news\/wp-json\/wp\/v2\/posts"}],"about":[{"href":"https:\/\/www.radioluna.it\/news\/wp-json\/wp\/v2\/types\/post"}],"author":[{"embeddable":true,"href":"https:\/\/www.radioluna.it\/news\/wp-json\/wp\/v2\/users\/5430"}],"replies":[{"embeddable":true,"href":"https:\/\/www.radioluna.it\/news\/wp-json\/wp\/v2\/comments?post=252012"}],"version-history":[{"count":0,"href":"https:\/\/www.radioluna.it\/news\/wp-json\/wp\/v2\/posts\/252012\/revisions"}],"wp:attachment":[{"href":"https:\/\/www.radioluna.it\/news\/wp-json\/wp\/v2\/media?parent=252012"}],"wp:term":[{"taxonomy":"category","embeddable":true,"href":"https:\/\/www.radioluna.it\/news\/wp-json\/wp\/v2\/categories?post=252012"},{"taxonomy":"post_tag","embeddable":true,"href":"https:\/\/www.radioluna.it\/news\/wp-json\/wp\/v2\/tags?post=252012"}],"curies":[{"name":"wp","href":"https:\/\/api.w.org\/{rel}","templated":true}]}}