{"id":252206,"date":"2019-09-11T12:33:00","date_gmt":"2019-09-11T10:33:00","guid":{"rendered":"https:\/\/www.radioluna.it\/news\/?p=252206"},"modified":"2019-09-11T12:36:55","modified_gmt":"2019-09-11T10:36:55","slug":"fugge-due-volte-allalt-dei-carabinieri-inseguito-per-chilometri-arrestato-un-24enne-di-latina","status":"publish","type":"post","link":"https:\/\/www.radioluna.it\/news\/2019\/09\/fugge-due-volte-allalt-dei-carabinieri-inseguito-per-chilometri-arrestato-un-24enne-di-latina\/","title":{"rendered":"Fugge due volte all&#8217;alt dei carabinieri, inseguito per chilometri arrestato un 24enne di Latina"},"content":{"rendered":"<div id=\"fb-root\"><\/div>\n<p style=\"text-align: justify;\"><strong>LATINA<\/strong> &#8211; Arrestato dopo un rocambolesco inseguimento dopo che non si era fermato all&#8217;alt dei carabinieri \u00e8 finito in manette nella notte un ragazzo di 24 anni di Latina. Il giovane in sella ad un T-Max era stato fermato da una pattuglia ferma sulla Pontina all&#8217;incrocio con la Migliara 46, ma aveva proseguito accelerando in direzione di Latina Scalo. Qui, ricevuto l&#8217;allarme, i carabinieri hanno istituito un posto di controllo e intercettato il giovane che per\u00f2 anche questa volta non si \u00e8 fermato e con una manovra improvvisa e pericolosa ha evitato la pattuglia. Inseguito, \u00e8 stato poi definitivamente raggiunto e bloccato dai militari dopo circa 10 km, in localit\u00e0 Tor Tre Ponti.<\/p>\n<p style=\"text-align: justify;\">S.B queste le iniziali, aveva con s\u00e9 un coltello a serramanico della lunghezza di 22 cm oltre ad una dose di cocaina e 10 grammi di hashish e si \u00e8 opposto ad alcol e drug test. E&#8217; stato anche sanzionato per guida con patente sospesa. L\u2019arrestato trattenuto in camera di sicurezza \u00e8 in attesa del rito direttissimo previsto per oggi.<\/p>\n<div class=\"radio-posizionamento-telefono-in-articoli-dopo-il-contenuto-articolo radio-entity-placement\" id=\"radio-677596794\"><div id=\"radio-1268639703\" style=\"width: 300px;height: 250px;\"><a href=\"https:\/\/www.icarspa.it\/auto\/usate\/latina\/\" aria-label=\"banner aprile icar new life &#8211; auto usate latina\"><img loading=\"lazy\" decoding=\"async\" src=\"https:\/\/www.radioluna.it\/news\/wp-content\/uploads\/2026\/02\/banner-aprile-icar-new-life-auto-usate-latina.gif\" alt=\"\"  width=\"300\" height=\"250\"   \/><\/a><\/div><\/div>","protected":false},"excerpt":{"rendered":"<p>LATINA &#8211; Arrestato dopo un rocambolesco inseguimento dopo che non si era fermato all&#8217;alt dei carabinieri \u00e8 finito in manette nella notte un ragazzo di 24 anni di Latina. Il giovane in sella ad un T-Max era stato fermato da una pattuglia ferma sulla Pontina all&#8217;incrocio con la Migliara 46, ma aveva proseguito accelerando in [&hellip;]<\/p>\n","protected":false},"author":62,"featured_media":237198,"comment_status":"open","ping_status":"open","sticky":false,"template":"","format":"standard","meta":{"footnotes":""},"categories":[7],"tags":[],"class_list":["post-252206","post","type-post","status-publish","format-standard","has-post-thumbnail","hentry","category-cronaca"],"_links":{"self":[{"href":"https:\/\/www.radioluna.it\/news\/wp-json\/wp\/v2\/posts\/252206","targetHints":{"allow":["GET"]}}],"collection":[{"href":"https:\/\/www.radioluna.it\/news\/wp-json\/wp\/v2\/posts"}],"about":[{"href":"https:\/\/www.radioluna.it\/news\/wp-json\/wp\/v2\/types\/post"}],"author":[{"embeddable":true,"href":"https:\/\/www.radioluna.it\/news\/wp-json\/wp\/v2\/users\/62"}],"replies":[{"embeddable":true,"href":"https:\/\/www.radioluna.it\/news\/wp-json\/wp\/v2\/comments?post=252206"}],"version-history":[{"count":0,"href":"https:\/\/www.radioluna.it\/news\/wp-json\/wp\/v2\/posts\/252206\/revisions"}],"wp:featuredmedia":[{"embeddable":true,"href":"https:\/\/www.radioluna.it\/news\/wp-json\/wp\/v2\/media\/237198"}],"wp:attachment":[{"href":"https:\/\/www.radioluna.it\/news\/wp-json\/wp\/v2\/media?parent=252206"}],"wp:term":[{"taxonomy":"category","embeddable":true,"href":"https:\/\/www.radioluna.it\/news\/wp-json\/wp\/v2\/categories?post=252206"},{"taxonomy":"post_tag","embeddable":true,"href":"https:\/\/www.radioluna.it\/news\/wp-json\/wp\/v2\/tags?post=252206"}],"curies":[{"name":"wp","href":"https:\/\/api.w.org\/{rel}","templated":true}]}}