{"id":252289,"date":"2019-09-13T08:07:01","date_gmt":"2019-09-13T06:07:01","guid":{"rendered":"https:\/\/www.radioluna.it\/news\/?p=252289"},"modified":"2019-09-13T08:08:42","modified_gmt":"2019-09-13T06:08:42","slug":"latina-calcio-1932-via-libera-per-il-portiere-belga-salvatore-ciulla","status":"publish","type":"post","link":"https:\/\/www.radioluna.it\/news\/2019\/09\/latina-calcio-1932-via-libera-per-il-portiere-belga-salvatore-ciulla\/","title":{"rendered":"Latina Calcio 1932, via libera per il portiere belga Salvatore Ciulla"},"content":{"rendered":"<div id=\"fb-root\"><\/div>\n<p style=\"text-align: justify;\"><strong>LATINA<\/strong> &#8211; Sar\u00e0 della rosa di domenica contro il Cassino il portiere del Latina Calcio 1932, Salvatore Ciulla. Il belga in forza della societ\u00e0 nerazzurra che ha seguito la preparazione durante tutta l\u2019estate ha superato nelle scorse ore i problemi legati al transfer internazionale e gi\u00e0 da domenica sar\u00e0 a disposizione di mister Raffaele di Napoli, dopo il via libera al suo tesseramento. Ciulla \u00e8 nato ad Aalst (Belgio) il 30 maggio del 2001 e proviene dal Club Brugge KV\u00a0 dove giocava nella squadra under 18.<\/p>\n<p style=\"text-align: justify;\">Ha fatto il suo esordio contro il Latte Dolce, esterno\u00a0 invece Gennaro Cervasio, sinistro di difesa nato a Corato (Bari) il 31 agosto 2000. Sabato scorso il calciatore era subentrato nel finale della vittoria contro i sardi.<\/p>\n<div class=\"radio-posizionamento-telefono-in-articoli-dopo-il-contenuto-articolo radio-entity-placement\" id=\"radio-769619211\"><div id=\"radio-2783248551\" style=\"width: 300px;height: 250px;\"><a href=\"https:\/\/www.icarspa.it\/auto\/usate\/latina\/\" aria-label=\"banner aprile icar new life &#8211; auto usate latina\"><img loading=\"lazy\" decoding=\"async\" src=\"https:\/\/www.radioluna.it\/news\/wp-content\/uploads\/2026\/02\/banner-aprile-icar-new-life-auto-usate-latina.gif\" alt=\"\"  width=\"300\" height=\"250\"   \/><\/a><\/div><\/div>","protected":false},"excerpt":{"rendered":"<p>LATINA &#8211; Sar\u00e0 della rosa di domenica contro il Cassino il portiere del Latina Calcio 1932, Salvatore Ciulla. Il belga in forza della societ\u00e0 nerazzurra che ha seguito la preparazione durante tutta l\u2019estate ha superato nelle scorse ore i problemi legati al transfer internazionale e gi\u00e0 da domenica sar\u00e0 a disposizione di mister Raffaele di [&hellip;]<\/p>\n","protected":false},"author":5430,"featured_media":252290,"comment_status":"open","ping_status":"open","sticky":false,"template":"","format":"gallery","meta":{"footnotes":""},"categories":[17],"tags":[],"class_list":["post-252289","post","type-post","status-publish","format-gallery","has-post-thumbnail","hentry","category-sport","post_format-post-format-gallery"],"_links":{"self":[{"href":"https:\/\/www.radioluna.it\/news\/wp-json\/wp\/v2\/posts\/252289","targetHints":{"allow":["GET"]}}],"collection":[{"href":"https:\/\/www.radioluna.it\/news\/wp-json\/wp\/v2\/posts"}],"about":[{"href":"https:\/\/www.radioluna.it\/news\/wp-json\/wp\/v2\/types\/post"}],"author":[{"embeddable":true,"href":"https:\/\/www.radioluna.it\/news\/wp-json\/wp\/v2\/users\/5430"}],"replies":[{"embeddable":true,"href":"https:\/\/www.radioluna.it\/news\/wp-json\/wp\/v2\/comments?post=252289"}],"version-history":[{"count":0,"href":"https:\/\/www.radioluna.it\/news\/wp-json\/wp\/v2\/posts\/252289\/revisions"}],"wp:featuredmedia":[{"embeddable":true,"href":"https:\/\/www.radioluna.it\/news\/wp-json\/wp\/v2\/media\/252290"}],"wp:attachment":[{"href":"https:\/\/www.radioluna.it\/news\/wp-json\/wp\/v2\/media?parent=252289"}],"wp:term":[{"taxonomy":"category","embeddable":true,"href":"https:\/\/www.radioluna.it\/news\/wp-json\/wp\/v2\/categories?post=252289"},{"taxonomy":"post_tag","embeddable":true,"href":"https:\/\/www.radioluna.it\/news\/wp-json\/wp\/v2\/tags?post=252289"}],"curies":[{"name":"wp","href":"https:\/\/api.w.org\/{rel}","templated":true}]}}