{"id":252308,"date":"2019-09-13T11:32:15","date_gmt":"2019-09-13T09:32:15","guid":{"rendered":"https:\/\/www.radioluna.it\/news\/?p=252308"},"modified":"2019-10-09T07:46:45","modified_gmt":"2019-10-09T05:46:45","slug":"al-goretti-visite-gratuite-per-la-prevenzione-dei-tumori-testa-collo","status":"publish","type":"post","link":"https:\/\/www.radioluna.it\/news\/2019\/09\/al-goretti-visite-gratuite-per-la-prevenzione-dei-tumori-testa-collo\/","title":{"rendered":"Al Goretti visite gratuite per la prevenzione dei tumori testa-collo"},"content":{"rendered":"<div id=\"fb-root\"><\/div>\n<p style=\"text-align: justify;\"><strong>LATINA<\/strong> &#8211; Prevenire i tumori della testa e del collo che sono in aumento e sono spesso molto silenti. Ne parliamo perch\u00e9 al Santa Maria Goretti di Latina, da luned\u00ec 16 settembre a venerd\u00ec 20, si terr\u00e0 un&#8217; iniziativa di prevenzione realizzata in adesione alla campagna della European Head and Neck Society, EHNS. Sono previste visite gratuite consigliate a chi accusi disturbi anche apparentemente comuni, come per esempio lesioni alla bocca, mal di\u00a0 gola, raucedine, fastidi al naso con sanguinamenti, respirazione difficile, dolore nella deglutizione e tumefazioni sul collo.<\/p>\n<p style=\"text-align: justify;\">Ne abbiamo parlato con il professor Andrea Gallo direttore della Uoc universitaria di Otorinolaringoiatria dell\u2019ospedale di Latina che \u00e8 anche centro di riferimento regionale.<\/p>\n<audio class=\"wp-audio-shortcode\" id=\"audio-252308-1\" preload=\"none\" style=\"width: 100%;\" controls=\"controls\"><source type=\"audio\/mpeg\" src=\"https:\/\/www.radioluna.it\/news\/wp-content\/uploads\/2019\/09\/gallo.mp3?_=1\" \/><a href=\"https:\/\/www.radioluna.it\/news\/wp-content\/uploads\/2019\/09\/gallo.mp3\">https:\/\/www.radioluna.it\/news\/wp-content\/uploads\/2019\/09\/gallo.mp3<\/a><\/audio>\n<p style=\"text-align: justify;\">&#8220;Chi avverte sintomi anche molto generici riferibili a problematiche della testa e del collo, pu\u00f2 venire al quarto piano dell&#8217;ospedale dalle 10 alle 12 da luned\u00ec 16 a venerd\u00ec 20 settembre, senza impegnativa del medico curante, e sar\u00e0 visitato dai nostri specialisti che in caso di sospetto potranno richiedere approfondimenti&#8221;.<\/p>\n<p style=\"text-align: justify;\">L&#8217;appello \u00e8 rivolto in particolare ai fumatori, ma non solo. &#8220;Una patologia emergente \u00e8 il tumore dell&#8217;oro-faringe dovuto al papilloma virus, una malattia sessualmente trasmessa che ha avuto un incredibile incremento negli ultimi anni. Il primo\u00a0 fattore di rischio resta comunque il fumo che \u00e8 causa di questi tumori nell&#8217;80% dei casi, mentre\u00a0 il restante 20% \u00e8 costituito da scarsa igiene orale e da uno scarso controllo di protesi dentarie, spesso legati al ridotto ricorso alle cure per motivi economici.&#8221;<\/p>\n<p style=\"text-align: justify;\">Per fare riferimento a qualche dato epidemiologico sono in aumento in particolare i tumori del cavo orale e dell\u2019orofaringe con circa il 5% degli italiani colpiti e 43.000 nuovi casi ogni anno, tra cui sempre pi\u00f9 i giovani (40%).Tra le cause, innanzitutto una diagnosi tardiva. Per invertire il trend di incidenza \u00e8 necessario far convergere le migliori energie sulla prevenzione, sulla diagnosi precoce e sul trattamento multi-specialistico.<\/p>\n","protected":false},"excerpt":{"rendered":"<p>LATINA &#8211; Prevenire i tumori della testa e del collo che sono in aumento e sono spesso molto silenti. Ne parliamo perch\u00e9 al Santa Maria Goretti di Latina, da luned\u00ec 16 settembre a venerd\u00ec 20, si terr\u00e0 un&#8217; iniziativa di prevenzione realizzata in adesione alla campagna della European Head and Neck Society, EHNS. Sono previste [&hellip;]<\/p>\n","protected":false},"author":62,"featured_media":252315,"comment_status":"open","ping_status":"open","sticky":false,"template":"","format":"standard","meta":{"footnotes":""},"categories":[2310,2616],"tags":[],"class_list":["post-252308","post","type-post","status-publish","format-standard","has-post-thumbnail","hentry","category-audio","category-sanita"],"_links":{"self":[{"href":"https:\/\/www.radioluna.it\/news\/wp-json\/wp\/v2\/posts\/252308","targetHints":{"allow":["GET"]}}],"collection":[{"href":"https:\/\/www.radioluna.it\/news\/wp-json\/wp\/v2\/posts"}],"about":[{"href":"https:\/\/www.radioluna.it\/news\/wp-json\/wp\/v2\/types\/post"}],"author":[{"embeddable":true,"href":"https:\/\/www.radioluna.it\/news\/wp-json\/wp\/v2\/users\/62"}],"replies":[{"embeddable":true,"href":"https:\/\/www.radioluna.it\/news\/wp-json\/wp\/v2\/comments?post=252308"}],"version-history":[{"count":0,"href":"https:\/\/www.radioluna.it\/news\/wp-json\/wp\/v2\/posts\/252308\/revisions"}],"wp:featuredmedia":[{"embeddable":true,"href":"https:\/\/www.radioluna.it\/news\/wp-json\/wp\/v2\/media\/252315"}],"wp:attachment":[{"href":"https:\/\/www.radioluna.it\/news\/wp-json\/wp\/v2\/media?parent=252308"}],"wp:term":[{"taxonomy":"category","embeddable":true,"href":"https:\/\/www.radioluna.it\/news\/wp-json\/wp\/v2\/categories?post=252308"},{"taxonomy":"post_tag","embeddable":true,"href":"https:\/\/www.radioluna.it\/news\/wp-json\/wp\/v2\/tags?post=252308"}],"curies":[{"name":"wp","href":"https:\/\/api.w.org\/{rel}","templated":true}]}}