{"id":252328,"date":"2019-09-13T14:21:06","date_gmt":"2019-09-13T12:21:06","guid":{"rendered":"https:\/\/www.radioluna.it\/news\/?p=252328"},"modified":"2019-09-18T11:27:39","modified_gmt":"2019-09-18T09:27:39","slug":"il-latina-sporting-presenta-la-squadra-di-calcio-femminile-la-rosa-da-angelai-a-valentinetti","status":"publish","type":"post","link":"https:\/\/www.radioluna.it\/news\/2019\/09\/il-latina-sporting-presenta-la-squadra-di-calcio-femminile-la-rosa-da-angelai-a-valentinetti\/","title":{"rendered":"Il Latina Sporting presenta la squadra di calcio femminile. La rosa: da Angelai a Valentinetti"},"content":{"rendered":"<div id=\"fb-root\"><\/div>\n<p style=\"text-align: justify;\"><strong>LATINA &#8211;<\/strong>\u00a0E\u2019 stata presentata ufficialmente ieri sera la squadra di calcio femminile Sporting Latina Women 2019. Una grande emozione da parte della dirigenza che ha deciso di dare vita ad una squadra in rosa che si appresta a disputare il Campionato d\u2019eccellenza regionale che prender\u00e0 il via il prossimo 20 ottobre. Campo di allenamento lo stadio comunale \u201cPietro Buongiorno\u201d di Borgo Podgora dove marted\u00ec prossimo, 17 settembre, inizier\u00e0 la scuola calcio; ci si allener\u00e0 tre volte a settimana il marted\u00ec, gioved\u00ec e venerd\u00ec alle 17.30.<\/p>\n<p style=\"text-align: justify;\">Presentati, oltre alla squadra che al momento \u00e8 formata da 22 ragazze, i dirigenti della societ\u00e0: Massimo Sai, Presidente dello Sporting Latina Women 2019, Giovanni Farina, Vice presidente, Mario Maddalena Team Manager, l\u2019allenatore Yuri Musilli, il preparatore per i portieri Stefano Greco e il fisioterapista della societ\u00e0 Roberto Di Giorgio.<\/p>\n<p style=\"text-align: justify;\">\u201cFinalmente abbiamo sciolto la riserva e presentato alla citt\u00e0 le ragazze che rappresenteranno i colori di Latina \u2013 commenta il Presidente Massimo Sai. Domani si chiuderanno le liste di trasferimento. Per adesso \u2013 aggiunge il Presidente dello Sporting Latina Women 2019 &#8211; questo \u00e8 il gruppo ufficiale ma non escludo che si possanno aggiungere altre giocatrici che vogliono scegliere di abbracciare il nostro progetto. Saremo felici di accogliere nuove giovani promesse del calcio femminile. Stiamo, infatti, gi\u00e0\u00a0 valutando altre giocatrici e siamo molto soddisfatti del lavoro fatto soprattutto grazie ad allenatori e tecnici che abbiamo scelto e che ringrazio. Stiamo lavorando molto seriamente per prepararci al meglio al campionato che per noi \u00e8 il coronamento di quello che fino a pochissimo tempo fa era solo un sogno. Sono sicuro \u2013 conclude Massimo Sai \u2013 che quella che sta per iniziare sar\u00e0 una bellissima stagione calcistica. Ringrazio gli sponsor che hanno deciso di aderire a questo progetto e spero che altre imprenditori decidano di unirsi a noi per regalare, alla nostra citt\u00e0, nuivi successi calcistici in rosa\u201d.<\/p>\n<p style=\"text-align: justify;\">\u201cL\u2019entusiamo e la voglia che le nostre ragazze stanno dimostrando durante\u00a0\u00a0 gli allenamenti \u2013 afferma il vice presidente Giovanni Farina &#8211; ci riempie di orgoglio e ci d\u00e0 la forza di continuare a credere in questo progetto anche grazie agli sponsor che ci sostengono e che sono Farmacia Farina, Latina Beton, Aitech, Massimo Sai Parrucchieri, Socomec, Esd Impianti, Print Imm E Gran Caff\u00e8 Egidio. Adesso per\u00f2 \u00e8 il tempo dei sacrifici in campo perch\u00e9 le nostre giocatrici sanno bene quanto sia importante dare il meglio per raggiungere i risultati che ci siamo prefissati. Siamo gli ultimi arrivati in questo campionato \u2013 conclude Farina &#8211;\u00a0 ma vogliamo potere dire la nostra, con grande umilt\u00e0 ma anche con determinazione\u201d.<\/p>\n<p style=\"text-align: justify;\">\u201cQuella di ieri \u2013 aggiunge il Team Manager della squadra, Mario Maddalena &#8211; \u00e8 stata una serata piena di soddisfazioni soprattutto per l\u2019entusiasmo della nostre ragazze che sono giocatrici serie, determinate e gi\u00e0 molto affiatate tra loro. Dietro tutto ci\u00f2 c\u2019\u00e8 un progetto che \u00e8 nato, cresciuto e migliorer\u00e0 sempre pi\u00f9 grazie al nostro team composto da persone serie, volenterose che vogliono dare alla nostra citt\u00e0 la possibilit\u00e0 di avere una squadra femminile d\u2019eccellenza!\u201d<\/p>\n<p style=\"text-align: justify;\">LA ROSA &#8211;<\/p>\n<p style=\"text-align: justify;\">Alessia Angelai (laterale d\u2019attacco)<br \/>\nAnastasia Bagaglini (laterale d\u2019attacco)<br \/>\nAnnamaria Franci\u00f2 (laterale basso)<br \/>\nAurora Sitta\u00a0 (centrocampista)<br \/>\nBarbara Nana Ama (laterale di difesa)<br \/>\nChiara Angeloni (centrocampista)<br \/>\nChiara Carturan (centrale di difesa)<br \/>\nEleonora Bigolini (difensore)<br \/>\nErika Simi (attaccante)<br \/>\nFrancesca Negrosini (centrocampista)<br \/>\nGiada Carraroli (centrocampista)<br \/>\nGiada Liberti (centrale di centrocampo)<br \/>\nGiorgia Agostinelli (attaccante)<br \/>\nGiorgia Falso (centrocampista)<br \/>\nIlaria Astolfi (centrocampista)<br \/>\nNaomi Ruberto (difensore)<br \/>\nPaola Battisti (laterale)<br \/>\nSabrina Valentinetti (centrocampista)<br \/>\nValentina Cinque (difensore centrale)<br \/>\nViviana Pellegrino (attaccante)<br \/>\nAlice Teson (centrocampista)<br \/>\nValentina Riccobono (difensore)<\/p>\n<div class=\"radio-posizionamento-telefono-in-articoli-dopo-il-contenuto-articolo radio-entity-placement\" id=\"radio-2080536146\"><div id=\"radio-4273589429\"><a href=\"https:\/\/www.simeoneceramiche.com\/\" aria-label=\"SIMEONE CERAMICHE GIF animata per radioluna_Tavola disegno 1 copia 2 (online-video-cutter.com)\"><img loading=\"lazy\" decoding=\"async\" src=\"https:\/\/www.radioluna.it\/news\/wp-content\/uploads\/2025\/05\/SIMEONE-CERAMICHE-GIF-animata-per-radioluna_Tavola-disegno-1-copia-2-online-video-cutter.com_.gif\" alt=\"\"  width=\"300\" height=\"250\"   \/><\/a><\/div><\/div>","protected":false},"excerpt":{"rendered":"<p>LATINA &#8211;\u00a0E\u2019 stata presentata ufficialmente ieri sera la squadra di calcio femminile Sporting Latina Women 2019. Una grande emozione da parte della dirigenza che ha deciso di dare vita ad una squadra in rosa che si appresta a disputare il Campionato d\u2019eccellenza regionale che prender\u00e0 il via il prossimo 20 ottobre. Campo di allenamento lo [&hellip;]<\/p>\n","protected":false},"author":5430,"featured_media":252329,"comment_status":"open","ping_status":"open","sticky":false,"template":"","format":"standard","meta":{"footnotes":""},"categories":[17],"tags":[],"class_list":["post-252328","post","type-post","status-publish","format-standard","has-post-thumbnail","hentry","category-sport"],"_links":{"self":[{"href":"https:\/\/www.radioluna.it\/news\/wp-json\/wp\/v2\/posts\/252328","targetHints":{"allow":["GET"]}}],"collection":[{"href":"https:\/\/www.radioluna.it\/news\/wp-json\/wp\/v2\/posts"}],"about":[{"href":"https:\/\/www.radioluna.it\/news\/wp-json\/wp\/v2\/types\/post"}],"author":[{"embeddable":true,"href":"https:\/\/www.radioluna.it\/news\/wp-json\/wp\/v2\/users\/5430"}],"replies":[{"embeddable":true,"href":"https:\/\/www.radioluna.it\/news\/wp-json\/wp\/v2\/comments?post=252328"}],"version-history":[{"count":0,"href":"https:\/\/www.radioluna.it\/news\/wp-json\/wp\/v2\/posts\/252328\/revisions"}],"wp:featuredmedia":[{"embeddable":true,"href":"https:\/\/www.radioluna.it\/news\/wp-json\/wp\/v2\/media\/252329"}],"wp:attachment":[{"href":"https:\/\/www.radioluna.it\/news\/wp-json\/wp\/v2\/media?parent=252328"}],"wp:term":[{"taxonomy":"category","embeddable":true,"href":"https:\/\/www.radioluna.it\/news\/wp-json\/wp\/v2\/categories?post=252328"},{"taxonomy":"post_tag","embeddable":true,"href":"https:\/\/www.radioluna.it\/news\/wp-json\/wp\/v2\/tags?post=252328"}],"curies":[{"name":"wp","href":"https:\/\/api.w.org\/{rel}","templated":true}]}}