{"id":252335,"date":"2019-09-13T15:42:11","date_gmt":"2019-09-13T13:42:11","guid":{"rendered":"https:\/\/www.radioluna.it\/news\/?p=252335"},"modified":"2019-09-13T15:42:11","modified_gmt":"2019-09-13T13:42:11","slug":"giovanissimi-in-campo-con-la-top-volley-latina","status":"publish","type":"post","link":"https:\/\/www.radioluna.it\/news\/2019\/09\/giovanissimi-in-campo-con-la-top-volley-latina\/","title":{"rendered":"Giovanissimi in campo con la Top Volley Latina"},"content":{"rendered":"<div id=\"fb-root\"><\/div>\n<p style=\"text-align: justify;\"><strong>LATINA<\/strong> &#8211; L\u2019assenza dei Nazionali nelle prime settimane di preparazione atletica ha permesso alla Top Volley di dare spazio ai suoi giovanissimi. Con Luca Rossato,\u00a0schiacciatore classe 2001 che \u00e8 stato promosso nel roster della prima squadra, a cui si aggiunge Andrea Rondoni, libero del 1999, ieri nell\u2019allenamento congiunto con il\u00a0Sabaudia (A3) c\u2019\u00e8 stato spazio anche Andrea Margagliano, schiacciatore del 2002.<\/p>\n<p style=\"text-align: justify;\">\u201cIn questa fase, in accordo con la societ\u00e0, abbiamo deciso di inserire i giovani del territorio e anche per questo la squadra che s\u2019\u00e8 vista in campo nel quarto set del primo\u00a0allenamento congiunto, tolti i centrali, era una formazione composta da Under 23 &#8211; spiega coach Tubertini, facendo riferimento anche alla diagonale palleggiatore opposto\u00a0composta da Peslac (1998) e Onwuelo (1997) a cui si aggiungono Rondoni, Rossato e Margagliano &#8211; Mi fa piacere che i giovani stiano costruendo un loro bagaglio tecnico e\u00a0lo stiano facendo con intensit\u00e0 e disciplina: avere avuto la possibilit\u00e0 di testarli insieme, in una partita, ci ha dato per la prima volta un feedback reale sulla dimensione\u00a0agonistica e tecnica proiettata in questo livello contro una squadra che milita in serie A3. Mi interessava capire come avrebbero gestito l\u2019impegno tecnico e agonistico anche\u00a0sotto il profilo emotivo, e posso dire che abbiamo del buon materiale e per questo dobbiamo mettere le basi per costruire qualcosa di positivo nel futuro\u201d.<\/p>\n<p style=\"text-align: justify;\">Anche il Ds Candido Grande \u00e8 soddisfatto. \u201cQuesta scelta \u00e8 strategica per noi perch\u00e9 siamo consapevoli che la crescita dei nostri giovani pu\u00f2 essere un valore\u00a0aggiunto anche in ottica futura, ovviamente l\u2019assenza dei Nazionali sta dando la possibilit\u00e0 ai giovanissimi di avere pi\u00f9 spazio e anche di mettersi in mostra\u00a0davanti al pubblico &#8211; conclude il Direttore &#8211; la cosa certa \u00e8 che alla base di tutto ci dovr\u00e0 essere il lavoro e l\u2019applicazione, solo cos\u00ec potranno continuare il loro\u00a0percorso di miglioramento seguendo gli insegnamenti di coach Tubertini\u201d.<\/p>\n<div class=\"radio-posizionamento-telefono-in-articoli-dopo-il-contenuto-articolo radio-entity-placement\" id=\"radio-2668146830\"><div id=\"radio-3210621107\" style=\"width: 300px;height: 250px;\"><a href=\"https:\/\/www.icarspa.it\/auto\/usate\/latina\/\" aria-label=\"banner aprile icar new life &#8211; auto usate latina\"><img loading=\"lazy\" decoding=\"async\" src=\"https:\/\/www.radioluna.it\/news\/wp-content\/uploads\/2026\/02\/banner-aprile-icar-new-life-auto-usate-latina.gif\" alt=\"\"  width=\"300\" height=\"250\"   \/><\/a><\/div><\/div>","protected":false},"excerpt":{"rendered":"<p>LATINA &#8211; L\u2019assenza dei Nazionali nelle prime settimane di preparazione atletica ha permesso alla Top Volley di dare spazio ai suoi giovanissimi. Con Luca Rossato,\u00a0schiacciatore classe 2001 che \u00e8 stato promosso nel roster della prima squadra, a cui si aggiunge Andrea Rondoni, libero del 1999, ieri nell\u2019allenamento congiunto con il\u00a0Sabaudia (A3) c\u2019\u00e8 stato spazio anche [&hellip;]<\/p>\n","protected":false},"author":5430,"featured_media":0,"comment_status":"open","ping_status":"open","sticky":false,"template":"","format":"standard","meta":{"footnotes":""},"categories":[17],"tags":[],"class_list":["post-252335","post","type-post","status-publish","format-standard","hentry","category-sport"],"_links":{"self":[{"href":"https:\/\/www.radioluna.it\/news\/wp-json\/wp\/v2\/posts\/252335","targetHints":{"allow":["GET"]}}],"collection":[{"href":"https:\/\/www.radioluna.it\/news\/wp-json\/wp\/v2\/posts"}],"about":[{"href":"https:\/\/www.radioluna.it\/news\/wp-json\/wp\/v2\/types\/post"}],"author":[{"embeddable":true,"href":"https:\/\/www.radioluna.it\/news\/wp-json\/wp\/v2\/users\/5430"}],"replies":[{"embeddable":true,"href":"https:\/\/www.radioluna.it\/news\/wp-json\/wp\/v2\/comments?post=252335"}],"version-history":[{"count":0,"href":"https:\/\/www.radioluna.it\/news\/wp-json\/wp\/v2\/posts\/252335\/revisions"}],"wp:attachment":[{"href":"https:\/\/www.radioluna.it\/news\/wp-json\/wp\/v2\/media?parent=252335"}],"wp:term":[{"taxonomy":"category","embeddable":true,"href":"https:\/\/www.radioluna.it\/news\/wp-json\/wp\/v2\/categories?post=252335"},{"taxonomy":"post_tag","embeddable":true,"href":"https:\/\/www.radioluna.it\/news\/wp-json\/wp\/v2\/tags?post=252335"}],"curies":[{"name":"wp","href":"https:\/\/api.w.org\/{rel}","templated":true}]}}