{"id":252480,"date":"2019-09-17T09:58:52","date_gmt":"2019-09-17T07:58:52","guid":{"rendered":"https:\/\/www.radioluna.it\/news\/?p=252480"},"modified":"2019-09-18T09:54:10","modified_gmt":"2019-09-18T07:54:10","slug":"torna-a-latina-bicincitta-abbinata-questanno-al-progetto-moovida","status":"publish","type":"post","link":"https:\/\/www.radioluna.it\/news\/2019\/09\/torna-a-latina-bicincitta-abbinata-questanno-al-progetto-moovida\/","title":{"rendered":"Torna a Latina Bicincitt\u00e0, abbinata al Progetto Moovida"},"content":{"rendered":"<div id=\"fb-root\"><\/div>\n<p style=\"text-align: justify;\"><strong>LATINA<\/strong> &#8211;\u00a0 \u00a0Torna a Latina Bicincitt\u00e0, la popolare manifestazione cicloturistica organizzata dall\u2019Uisp, giunta alla 26esima edizione, partir\u00e0 domenica 22 alle 10 da piazza del Popolo, inserita quest&#8217;anno nel progetto \u201cMoovida \u2013 Prossima fermata: Latina Sostenibile\u201d. Al culmine della Settimana della Mobilit\u00e0 sostenibile &#8211; spiegano dalla Uisp &#8211;\u00a0 infatti, si \u00e8 voluto promuovere il progetto sperimentale nazionale studiato lungo le tappe casa \u2013 scuola e casa \u2013 lavoro. Com\u2019\u00e8 nella sua tradizione, Bicincitt\u00e0 servir\u00e0 quindi a pubblicizzare il ricorso ai pedali, ai mezzi pubblici e alle auto condivise per raggiungere il luogo di studio o di lavoro, lanciando l\u2019idea di una pianificazione negli spostamenti a basso impatto ambientale.<\/p>\n<p style=\"text-align: justify;\">L\u2019evento ha sempre coinvolto tantissime famiglie e numerose scuole, pronte a contendersi i premi in palio in pieno spirito sportivo: &#8220;L\u2019unica cosa che conta\u00a0 &#8211; aggiungono dall&#8217;Unione Italia Sport per Tutti &#8211; \u00e8 partecipare ad una giornata di festa con un mezzo a due ruote e a pedali&#8221;.<\/p>\n<p style=\"text-align: justify;\">Il raduno \u00e8 previsto alle 8 in piazza del Popolo, lo start scatter\u00e0 due ore dopo e vedr\u00e0 ciclisti di tutti i tipi e di tutte le et\u00e0 attraversare un inedito percorso di 10 chilometri nel cuore della citt\u00e0. L\u2019iscrizione, ad un costo assolutamente simbolico, comprende l\u2019assistenza tecnica e sanitaria ma anche il ristoro, la tshirt e il cappellino dell\u2019evento, vari gadget e la possibilit\u00e0 di partecipare all\u2019estrazione di 20 splendidi premi, tra i quali due ambitissime biciclette. Alle scuole con il maggior numero di iscritti, inoltre, saranno assegnati dei buoni acquisto per articoli sportivi.<\/p>\n<p style=\"text-align: justify;\">CONSIGLI PER I CICLISTI &#8211;\u00a0I partecipanti possono seguire pochi preziosi consigli: visto che l\u2019iniziativa prevede la chiusura al traffico motorizzato, sar\u00e0 opportuno anche per coerenza raggiungere con la stessa bici e non con veicoli inquinanti il luogo del raduno, fissato alle 8 in piazza del Popolo; prima di\u00a0 trasformarsi in ciclisti sar\u00e0 il caso di verificare il funzionamento dei freni e del mezzo in generale; sar\u00e0 inoltre doveroso indossare indumenti adatti, compreso un cappello per ripararsi dal sole; se si pedala insieme ai bambini, infine, i \u201cgrandi\u201d dovranno procedere dietro di loro per controllare meglio la situazione.<\/p>\n<p style=\"text-align: justify;\">L\u2019Uisp di Latina, sostenuta dagli storici sponsor Icar Renault e Sport 85, provveder\u00e0 all\u2019allestimento di un ristoro finale e alla distribuzione di acqua, cornetti e succhi di frutta. Per tutte le informazioni rivolgersi alla sede di via Don Morosini o consultare il sito www.uisplatina.it.<\/p>\n<p>&nbsp;<\/p>\n<div class=\"radio-posizionamento-telefono-in-articoli-dopo-il-contenuto-articolo radio-entity-placement\" id=\"radio-2062347916\"><div id=\"radio-1899568514\"><a href=\"https:\/\/grupporedi.it\/\" aria-label=\"Redi-Qr\"><img loading=\"lazy\" decoding=\"async\" src=\"https:\/\/www.radioluna.it\/news\/wp-content\/uploads\/2026\/03\/Redi-Qr.jpg\" alt=\"\"  srcset=\"https:\/\/www.radioluna.it\/news\/wp-content\/uploads\/2026\/03\/Redi-Qr.jpg 800w, https:\/\/www.radioluna.it\/news\/wp-content\/uploads\/2026\/03\/Redi-Qr-768x639.jpg 768w\" sizes=\"(max-width: 800px) 100vw, 800px\" width=\"300\" height=\"250\"   \/><\/a><\/div><\/div>","protected":false},"excerpt":{"rendered":"<p>LATINA &#8211;\u00a0 \u00a0Torna a Latina Bicincitt\u00e0, la popolare manifestazione cicloturistica organizzata dall\u2019Uisp, giunta alla 26esima edizione, partir\u00e0 domenica 22 alle 10 da piazza del Popolo, inserita quest&#8217;anno nel progetto \u201cMoovida \u2013 Prossima fermata: Latina Sostenibile\u201d. Al culmine della Settimana della Mobilit\u00e0 sostenibile &#8211; spiegano dalla Uisp &#8211;\u00a0 infatti, si \u00e8 voluto promuovere il progetto sperimentale [&hellip;]<\/p>\n","protected":false},"author":62,"featured_media":252481,"comment_status":"open","ping_status":"open","sticky":false,"template":"","format":"standard","meta":{"footnotes":""},"categories":[16],"tags":[],"class_list":["post-252480","post","type-post","status-publish","format-standard","has-post-thumbnail","hentry","category-appuntamenti"],"_links":{"self":[{"href":"https:\/\/www.radioluna.it\/news\/wp-json\/wp\/v2\/posts\/252480","targetHints":{"allow":["GET"]}}],"collection":[{"href":"https:\/\/www.radioluna.it\/news\/wp-json\/wp\/v2\/posts"}],"about":[{"href":"https:\/\/www.radioluna.it\/news\/wp-json\/wp\/v2\/types\/post"}],"author":[{"embeddable":true,"href":"https:\/\/www.radioluna.it\/news\/wp-json\/wp\/v2\/users\/62"}],"replies":[{"embeddable":true,"href":"https:\/\/www.radioluna.it\/news\/wp-json\/wp\/v2\/comments?post=252480"}],"version-history":[{"count":0,"href":"https:\/\/www.radioluna.it\/news\/wp-json\/wp\/v2\/posts\/252480\/revisions"}],"wp:featuredmedia":[{"embeddable":true,"href":"https:\/\/www.radioluna.it\/news\/wp-json\/wp\/v2\/media\/252481"}],"wp:attachment":[{"href":"https:\/\/www.radioluna.it\/news\/wp-json\/wp\/v2\/media?parent=252480"}],"wp:term":[{"taxonomy":"category","embeddable":true,"href":"https:\/\/www.radioluna.it\/news\/wp-json\/wp\/v2\/categories?post=252480"},{"taxonomy":"post_tag","embeddable":true,"href":"https:\/\/www.radioluna.it\/news\/wp-json\/wp\/v2\/tags?post=252480"}],"curies":[{"name":"wp","href":"https:\/\/api.w.org\/{rel}","templated":true}]}}