{"id":252500,"date":"2019-09-17T12:14:42","date_gmt":"2019-09-17T10:14:42","guid":{"rendered":"https:\/\/www.radioluna.it\/news\/?p=252500"},"modified":"2019-09-18T08:00:34","modified_gmt":"2019-09-18T06:00:34","slug":"corpo-privo-di-vita-in-unauto-in-via-sabaudia-a-latina-indagano-i-carabinieri","status":"publish","type":"post","link":"https:\/\/www.radioluna.it\/news\/2019\/09\/corpo-privo-di-vita-in-unauto-in-via-sabaudia-a-latina-indagano-i-carabinieri\/","title":{"rendered":"Corpo privo di vita in un&#8217;auto in Via Sabaudia a Latina, indagano i carabinieri"},"content":{"rendered":"<div id=\"fb-root\"><\/div>\n<p style=\"text-align: justify;\"><strong>LATINA<\/strong> &#8211; Il\u00a0 corpo privo di vita di un uomo\u00a0 \u00e8 stato trovato questa mattina in un&#8217;auto parcheggiata nell&#8217;area condominiale di una palazzina in\u00a0 Via Sabaudia a Latina. La segnalazione \u00e8 stata fatta da alcuni residenti ai carabinieri che sono intervenuti. Sul posto si trovano i militari della Compagnia di Latina e del Nucleo Investigativo che hanno avviato le indagini. Non sono note le cause della morte, quello che \u00e8 stato immediatamente notato \u00e8 che entrambi gli sportelli dell&#8217;auto erano aperti e all&#8217;interno la vettura appariva a soqquadro. Sul posto \u00e8 atteso l&#8217;arrivo della Scientifica per i primi accertamenti.<\/p>\n<div class=\"radio-posizionamento-telefono-in-articoli-dopo-il-contenuto-articolo radio-entity-placement\" id=\"radio-3433680364\"><div id=\"radio-3346333704\" style=\"width: 300px;height: 250px;\"><a href=\"https:\/\/www.icarspa.it\/auto\/usate\/latina\/\" aria-label=\"banner aprile icar new life &#8211; auto usate latina\"><img loading=\"lazy\" decoding=\"async\" src=\"https:\/\/www.radioluna.it\/news\/wp-content\/uploads\/2026\/02\/banner-aprile-icar-new-life-auto-usate-latina.gif\" alt=\"\"  width=\"300\" height=\"250\"   \/><\/a><\/div><\/div>","protected":false},"excerpt":{"rendered":"<p>LATINA &#8211; Il\u00a0 corpo privo di vita di un uomo\u00a0 \u00e8 stato trovato questa mattina in un&#8217;auto parcheggiata nell&#8217;area condominiale di una palazzina in\u00a0 Via Sabaudia a Latina. La segnalazione \u00e8 stata fatta da alcuni residenti ai carabinieri che sono intervenuti. Sul posto si trovano i militari della Compagnia di Latina e del Nucleo Investigativo [&hellip;]<\/p>\n","protected":false},"author":62,"featured_media":252505,"comment_status":"open","ping_status":"open","sticky":false,"template":"","format":"standard","meta":{"footnotes":""},"categories":[7],"tags":[],"class_list":["post-252500","post","type-post","status-publish","format-standard","has-post-thumbnail","hentry","category-cronaca"],"_links":{"self":[{"href":"https:\/\/www.radioluna.it\/news\/wp-json\/wp\/v2\/posts\/252500","targetHints":{"allow":["GET"]}}],"collection":[{"href":"https:\/\/www.radioluna.it\/news\/wp-json\/wp\/v2\/posts"}],"about":[{"href":"https:\/\/www.radioluna.it\/news\/wp-json\/wp\/v2\/types\/post"}],"author":[{"embeddable":true,"href":"https:\/\/www.radioluna.it\/news\/wp-json\/wp\/v2\/users\/62"}],"replies":[{"embeddable":true,"href":"https:\/\/www.radioluna.it\/news\/wp-json\/wp\/v2\/comments?post=252500"}],"version-history":[{"count":0,"href":"https:\/\/www.radioluna.it\/news\/wp-json\/wp\/v2\/posts\/252500\/revisions"}],"wp:featuredmedia":[{"embeddable":true,"href":"https:\/\/www.radioluna.it\/news\/wp-json\/wp\/v2\/media\/252505"}],"wp:attachment":[{"href":"https:\/\/www.radioluna.it\/news\/wp-json\/wp\/v2\/media?parent=252500"}],"wp:term":[{"taxonomy":"category","embeddable":true,"href":"https:\/\/www.radioluna.it\/news\/wp-json\/wp\/v2\/categories?post=252500"},{"taxonomy":"post_tag","embeddable":true,"href":"https:\/\/www.radioluna.it\/news\/wp-json\/wp\/v2\/tags?post=252500"}],"curies":[{"name":"wp","href":"https:\/\/api.w.org\/{rel}","templated":true}]}}