{"id":252532,"date":"2019-09-18T09:53:01","date_gmt":"2019-09-18T07:53:01","guid":{"rendered":"https:\/\/www.radioluna.it\/news\/?p=252532"},"modified":"2019-09-18T13:56:44","modified_gmt":"2019-09-18T11:56:44","slug":"orto-e-cucina-il-ritorno-del-cuoco-giorgione-a-latina","status":"publish","type":"post","link":"https:\/\/www.radioluna.it\/news\/2019\/09\/orto-e-cucina-il-ritorno-del-cuoco-giorgione-a-latina\/","title":{"rendered":"Orto e cucina, il ritorno del cuoco Giorgione a Latina"},"content":{"rendered":"<div id=\"fb-root\"><\/div>\n<p style=\"text-align: justify;\"><strong><img loading=\"lazy\" decoding=\"async\" class=\"alignnone size-full wp-image-252540\" src=\"https:\/\/www.radioluna.it\/news\/wp-content\/uploads\/2019\/09\/giorgione.jpg\" alt=\"\" width=\"1135\" height=\"1600\" srcset=\"https:\/\/www.radioluna.it\/news\/wp-content\/uploads\/2019\/09\/giorgione.jpg 1135w, https:\/\/www.radioluna.it\/news\/wp-content\/uploads\/2019\/09\/giorgione-213x300.jpg 213w, https:\/\/www.radioluna.it\/news\/wp-content\/uploads\/2019\/09\/giorgione-768x1083.jpg 768w, https:\/\/www.radioluna.it\/news\/wp-content\/uploads\/2019\/09\/giorgione-726x1024.jpg 726w\" sizes=\"auto, (max-width: 1135px) 100vw, 1135px\" \/>LATINA &#8211;<\/strong> Torna Giorgione a Latina. Il noto cuoco \u00a0orto e cucina che ha un vasto seguito nel capolugo tra appassionati di ogni et\u00e0, \u00e8 ormai divenuto un habitu\u00e8 al Carrefour Market del Piccarello. Nel punto vendita gourmet della catena lo chef cuciner\u00e0 domani (gioved\u00ec 19 settembre alle 21) per una ristretta cerchia di ospiti che si sono prenotati.<\/p>\n<p>&nbsp;<\/p>\n<div class=\"radio-posizionamento-telefono-in-articoli-dopo-il-contenuto-articolo radio-entity-placement\" id=\"radio-2845044177\"><div id=\"radio-3990948212\" style=\"width: 300px;height: 250px;\"><a href=\"https:\/\/www.icarspa.it\/auto\/usate\/latina\/\" aria-label=\"banner aprile icar new life &#8211; auto usate latina\"><img loading=\"lazy\" decoding=\"async\" src=\"https:\/\/www.radioluna.it\/news\/wp-content\/uploads\/2026\/02\/banner-aprile-icar-new-life-auto-usate-latina.gif\" alt=\"\"  width=\"300\" height=\"250\"   \/><\/a><\/div><\/div>","protected":false},"excerpt":{"rendered":"<p>LATINA &#8211; Torna Giorgione a Latina. Il noto cuoco \u00a0orto e cucina che ha un vasto seguito nel capolugo tra appassionati di ogni et\u00e0, \u00e8 ormai divenuto un habitu\u00e8 al Carrefour Market del Piccarello. Nel punto vendita gourmet della catena lo chef cuciner\u00e0 domani (gioved\u00ec 19 settembre alle 21) per una ristretta cerchia di ospiti [&hellip;]<\/p>\n","protected":false},"author":60,"featured_media":252541,"comment_status":"open","ping_status":"open","sticky":false,"template":"","format":"standard","meta":{"footnotes":""},"categories":[16],"tags":[],"class_list":["post-252532","post","type-post","status-publish","format-standard","has-post-thumbnail","hentry","category-appuntamenti"],"_links":{"self":[{"href":"https:\/\/www.radioluna.it\/news\/wp-json\/wp\/v2\/posts\/252532","targetHints":{"allow":["GET"]}}],"collection":[{"href":"https:\/\/www.radioluna.it\/news\/wp-json\/wp\/v2\/posts"}],"about":[{"href":"https:\/\/www.radioluna.it\/news\/wp-json\/wp\/v2\/types\/post"}],"author":[{"embeddable":true,"href":"https:\/\/www.radioluna.it\/news\/wp-json\/wp\/v2\/users\/60"}],"replies":[{"embeddable":true,"href":"https:\/\/www.radioluna.it\/news\/wp-json\/wp\/v2\/comments?post=252532"}],"version-history":[{"count":0,"href":"https:\/\/www.radioluna.it\/news\/wp-json\/wp\/v2\/posts\/252532\/revisions"}],"wp:featuredmedia":[{"embeddable":true,"href":"https:\/\/www.radioluna.it\/news\/wp-json\/wp\/v2\/media\/252541"}],"wp:attachment":[{"href":"https:\/\/www.radioluna.it\/news\/wp-json\/wp\/v2\/media?parent=252532"}],"wp:term":[{"taxonomy":"category","embeddable":true,"href":"https:\/\/www.radioluna.it\/news\/wp-json\/wp\/v2\/categories?post=252532"},{"taxonomy":"post_tag","embeddable":true,"href":"https:\/\/www.radioluna.it\/news\/wp-json\/wp\/v2\/tags?post=252532"}],"curies":[{"name":"wp","href":"https:\/\/api.w.org\/{rel}","templated":true}]}}