{"id":252555,"date":"2019-09-18T11:26:50","date_gmt":"2019-09-18T09:26:50","guid":{"rendered":"https:\/\/www.radioluna.it\/news\/?p=252555"},"modified":"2019-09-18T11:26:50","modified_gmt":"2019-09-18T09:26:50","slug":"basket-benacquista-latina-in-campo-a-roseto-per-il-torneo-lido-delle-rose","status":"publish","type":"post","link":"https:\/\/www.radioluna.it\/news\/2019\/09\/basket-benacquista-latina-in-campo-a-roseto-per-il-torneo-lido-delle-rose\/","title":{"rendered":"Basket, Benacquista Latina in campo a Roseto per il Torneo Lido delle Rose"},"content":{"rendered":"<div id=\"fb-root\"><\/div>\n<p style=\"text-align: justify;\"><strong>LATINA &#8211;<\/strong> Dopo le tre sconfitte consecutive infilate in Supercoppa, servite anche come test precampionato, la Benacquista Assicurazioni Latina \u00e8 pronta per tornare in campo stasera, stavolta per il Torneo Lido delle Rose a Roseto degli Abruzzi.<\/p>\n<p style=\"text-align: justify;\">I ragazzi guidati da coach Franco Gramenzi parteciperanno, infatti, alla 74^ edizione del Torneo Lido delle Rose, organizzato dai Roseto Sharks sul parquet del PalaMaggetti. Alla kermesse, che \u00e8 una delle pi\u00f9 antiche manifestazioni estive, saranno presenti tre formazioni di Serie A2 e una di Serie B: Roseto (Girone Est A2) Latina, Eurobasket Roma (Girone Ovest A2) e Bisceglie (Serie B).<\/p>\n<p style=\"text-align: justify;\">Per i pontini la prima sfida \u00e8 in programma oggi (mercoled\u00ec 18 settembre) alle 19 contro la compagine pugliese dei Lions Bisceglie. Match che sar\u00e0 seguito dalla seconda gara del torneo in programma alle ore 21:00 tra i padroni di casa dei Roseto Sharks e i capitolini dell\u2019Eurobasket Roma. Nella giornata di gioved\u00ec andranno in scena le finali del 3\/4 posto (ore 18:30) e del 1\/2 posto (ore 20:30).<\/p>\n<div class=\"radio-posizionamento-telefono-in-articoli-dopo-il-contenuto-articolo radio-entity-placement\" id=\"radio-3455415856\"><div id=\"radio-253806560\"><a href=\"https:\/\/grupporedi.it\/\" aria-label=\"Redi-Qr\"><img loading=\"lazy\" decoding=\"async\" src=\"https:\/\/www.radioluna.it\/news\/wp-content\/uploads\/2026\/03\/Redi-Qr.jpg\" alt=\"\"  srcset=\"https:\/\/www.radioluna.it\/news\/wp-content\/uploads\/2026\/03\/Redi-Qr.jpg 800w, https:\/\/www.radioluna.it\/news\/wp-content\/uploads\/2026\/03\/Redi-Qr-768x639.jpg 768w\" sizes=\"(max-width: 800px) 100vw, 800px\" width=\"300\" height=\"250\"   \/><\/a><\/div><\/div>","protected":false},"excerpt":{"rendered":"<p>LATINA &#8211; Dopo le tre sconfitte consecutive infilate in Supercoppa, servite anche come test precampionato, la Benacquista Assicurazioni Latina \u00e8 pronta per tornare in campo stasera, stavolta per il Torneo Lido delle Rose a Roseto degli Abruzzi. I ragazzi guidati da coach Franco Gramenzi parteciperanno, infatti, alla 74^ edizione del Torneo Lido delle Rose, organizzato [&hellip;]<\/p>\n","protected":false},"author":5430,"featured_media":244905,"comment_status":"open","ping_status":"open","sticky":false,"template":"","format":"standard","meta":{"footnotes":""},"categories":[17],"tags":[],"class_list":["post-252555","post","type-post","status-publish","format-standard","has-post-thumbnail","hentry","category-sport"],"_links":{"self":[{"href":"https:\/\/www.radioluna.it\/news\/wp-json\/wp\/v2\/posts\/252555","targetHints":{"allow":["GET"]}}],"collection":[{"href":"https:\/\/www.radioluna.it\/news\/wp-json\/wp\/v2\/posts"}],"about":[{"href":"https:\/\/www.radioluna.it\/news\/wp-json\/wp\/v2\/types\/post"}],"author":[{"embeddable":true,"href":"https:\/\/www.radioluna.it\/news\/wp-json\/wp\/v2\/users\/5430"}],"replies":[{"embeddable":true,"href":"https:\/\/www.radioluna.it\/news\/wp-json\/wp\/v2\/comments?post=252555"}],"version-history":[{"count":0,"href":"https:\/\/www.radioluna.it\/news\/wp-json\/wp\/v2\/posts\/252555\/revisions"}],"wp:featuredmedia":[{"embeddable":true,"href":"https:\/\/www.radioluna.it\/news\/wp-json\/wp\/v2\/media\/244905"}],"wp:attachment":[{"href":"https:\/\/www.radioluna.it\/news\/wp-json\/wp\/v2\/media?parent=252555"}],"wp:term":[{"taxonomy":"category","embeddable":true,"href":"https:\/\/www.radioluna.it\/news\/wp-json\/wp\/v2\/categories?post=252555"},{"taxonomy":"post_tag","embeddable":true,"href":"https:\/\/www.radioluna.it\/news\/wp-json\/wp\/v2\/tags?post=252555"}],"curies":[{"name":"wp","href":"https:\/\/api.w.org\/{rel}","templated":true}]}}