{"id":252652,"date":"2019-09-19T15:27:39","date_gmt":"2019-09-19T13:27:39","guid":{"rendered":"https:\/\/www.radioluna.it\/news\/?p=252652"},"modified":"2019-09-19T15:27:39","modified_gmt":"2019-09-19T13:27:39","slug":"fratelli-ditalia-latina-ad-atreju-tracceremo-il-futuro-della-destra-italiana","status":"publish","type":"post","link":"https:\/\/www.radioluna.it\/news\/2019\/09\/fratelli-ditalia-latina-ad-atreju-tracceremo-il-futuro-della-destra-italiana\/","title":{"rendered":"Fratelli d\u2019Italia Latina ad Atreju: \u201cTracceremo il futuro della destra italiana\u201d"},"content":{"rendered":"<div id=\"fb-root\"><\/div>\n<p style=\"text-align: justify;\"><strong>LATINA &#8211;<\/strong>\u00a0Il gruppo di Fratelli d\u2019Italia della provincia di Latina si d\u00e0 appuntamento ad Atreju. La storica manifestazione della destra giunta alla 22\u00b0 edizione si terr\u00e0 da venerd\u00ec 20 a domenica 22 settembre sull\u2019Isola Tiberina di Roma. La delegazione di Latina sar\u00e0 guidata dal Senatore e coordinatore provinciale Nicola Calandrini, che prender\u00e0 parte a un tavolo tematico dedicato agli enti locali in programma venerd\u00ec 20 settembre alle 11, prima dell\u2019inaugurazione ufficiale fissata per le 14. Poi seguir\u00e0 un fitto calendario di appuntamenti che si chiuder\u00e0 domenica 22 settembre alle 12, con l\u2019intervento di Giorgia Meloni.<\/p>\n<p style=\"text-align: justify;\">\u201cAtreju non \u00e8 solo una manifestazione della destra, Atreju \u00e8 incontro e confronto &#8211; dichiara Nicola Calandrini -. Quest\u2019anno il programma sar\u00e0 molto corposo: ospite d\u2019onore \u00e8 il premier ungherese Viktor Orban. Ci sar\u00e0 il presidente del consiglio Giuseppe Conte, ma anche Matteo Salvini, Antonio Tajani e poi tanti esponenti del mondo politico, economico e sociale che hanno accettato l\u2019invito di Giorgia Meloni. A lei ovviamente \u00e8 riservato l\u2019intervento di chiusura, in cui delineer\u00e0 il futuro di Fratelli d\u2019Italia e della destra italiana, lanciando la \u2018sfida alle stelle\u2019, come recita lo slogan di Atreju\u201d.<\/p>\n<p style=\"text-align: justify;\">\u201cSaranno tre giorni intensi &#8211; conclude Calandrini &#8211; che, come nella tradizione di Atreju, lasceranno il segno nella politica italiana\u201d.<\/p>\n<div class=\"radio-posizionamento-telefono-in-articoli-dopo-il-contenuto-articolo radio-entity-placement\" id=\"radio-3062200956\"><div id=\"radio-2509807252\"><a href=\"https:\/\/grupporedi.it\/\" aria-label=\"Redi-Qr\"><img loading=\"lazy\" decoding=\"async\" src=\"https:\/\/www.radioluna.it\/news\/wp-content\/uploads\/2026\/03\/Redi-Qr.jpg\" alt=\"\"  srcset=\"https:\/\/www.radioluna.it\/news\/wp-content\/uploads\/2026\/03\/Redi-Qr.jpg 800w, https:\/\/www.radioluna.it\/news\/wp-content\/uploads\/2026\/03\/Redi-Qr-768x639.jpg 768w\" sizes=\"(max-width: 800px) 100vw, 800px\" width=\"300\" height=\"250\"   \/><\/a><\/div><\/div>","protected":false},"excerpt":{"rendered":"<p>LATINA &#8211;\u00a0Il gruppo di Fratelli d\u2019Italia della provincia di Latina si d\u00e0 appuntamento ad Atreju. La storica manifestazione della destra giunta alla 22\u00b0 edizione si terr\u00e0 da venerd\u00ec 20 a domenica 22 settembre sull\u2019Isola Tiberina di Roma. La delegazione di Latina sar\u00e0 guidata dal Senatore e coordinatore provinciale Nicola Calandrini, che prender\u00e0 parte a un [&hellip;]<\/p>\n","protected":false},"author":60,"featured_media":247459,"comment_status":"open","ping_status":"open","sticky":false,"template":"","format":"standard","meta":{"footnotes":""},"categories":[8],"tags":[],"class_list":["post-252652","post","type-post","status-publish","format-standard","has-post-thumbnail","hentry","category-politica"],"_links":{"self":[{"href":"https:\/\/www.radioluna.it\/news\/wp-json\/wp\/v2\/posts\/252652","targetHints":{"allow":["GET"]}}],"collection":[{"href":"https:\/\/www.radioluna.it\/news\/wp-json\/wp\/v2\/posts"}],"about":[{"href":"https:\/\/www.radioluna.it\/news\/wp-json\/wp\/v2\/types\/post"}],"author":[{"embeddable":true,"href":"https:\/\/www.radioluna.it\/news\/wp-json\/wp\/v2\/users\/60"}],"replies":[{"embeddable":true,"href":"https:\/\/www.radioluna.it\/news\/wp-json\/wp\/v2\/comments?post=252652"}],"version-history":[{"count":0,"href":"https:\/\/www.radioluna.it\/news\/wp-json\/wp\/v2\/posts\/252652\/revisions"}],"wp:featuredmedia":[{"embeddable":true,"href":"https:\/\/www.radioluna.it\/news\/wp-json\/wp\/v2\/media\/247459"}],"wp:attachment":[{"href":"https:\/\/www.radioluna.it\/news\/wp-json\/wp\/v2\/media?parent=252652"}],"wp:term":[{"taxonomy":"category","embeddable":true,"href":"https:\/\/www.radioluna.it\/news\/wp-json\/wp\/v2\/categories?post=252652"},{"taxonomy":"post_tag","embeddable":true,"href":"https:\/\/www.radioluna.it\/news\/wp-json\/wp\/v2\/tags?post=252652"}],"curies":[{"name":"wp","href":"https:\/\/api.w.org\/{rel}","templated":true}]}}