{"id":252659,"date":"2019-09-19T18:16:18","date_gmt":"2019-09-19T16:16:18","guid":{"rendered":"https:\/\/www.radioluna.it\/news\/?p=252659"},"modified":"2019-09-20T07:14:00","modified_gmt":"2019-09-20T05:14:00","slug":"teatro-politically-scorrect-allarena-cambellotti-di-latina","status":"publish","type":"post","link":"https:\/\/www.radioluna.it\/news\/2019\/09\/teatro-politically-scorrect-allarena-cambellotti-di-latina\/","title":{"rendered":"Teatro Politically Scorrect all&#8217;Arena Cambellotti di Latina"},"content":{"rendered":"<div id=\"fb-root\"><\/div>\n<p style=\"text-align: justify;\"><strong>LATINA<\/strong> &#8211; \u2018Politically Scorrect\u2019, su testi di Ethan Coen ed Edoardo Erba, \u00e8 scritto da due dei pi\u00f9 apprezzati autori del teatro surrealista contemporaneo americano ed italiano. A Latina lo porter\u00e0 in scena, domenica 22 settembre alle 21, nell&#8217;Arena del Museo Cambellotti, Palco 19 con la Compagnia dei Magnattori. &#8220;Due ore di ironia e riflessioni sulla natura dell\u2019essere umano e sui grandi temi del vivere nell\u2019attuale societ\u00e0, cinica e contraddittoria &#8211; spiega la regista Simona Serino che ha composto lo spettacolo originale.<\/p>\n<p style=\"text-align: justify;\">Sul palco saliranno Juri Battisti, Paola Damiani, Giancarlo Fusco, Marco Gargani, Gelsinda Garruti, Susana Matos Da Costa, Simona Novaga, Giuseppe Pannone, Francesco Perna, Mariangela Rosa, Roberto Stabellini. L&#8217;ingrtesso \u00e8 libero (ma \u00e8 gradito un eventuale contributo volontario).<\/p>\n<div class=\"radio-posizionamento-telefono-in-articoli-dopo-il-contenuto-articolo radio-entity-placement\" id=\"radio-3093203727\"><div id=\"radio-4036846537\"><a href=\"https:\/\/grupporedi.it\/\" aria-label=\"Redi-Qr\"><img loading=\"lazy\" decoding=\"async\" src=\"https:\/\/www.radioluna.it\/news\/wp-content\/uploads\/2026\/03\/Redi-Qr.jpg\" alt=\"\"  srcset=\"https:\/\/www.radioluna.it\/news\/wp-content\/uploads\/2026\/03\/Redi-Qr.jpg 800w, https:\/\/www.radioluna.it\/news\/wp-content\/uploads\/2026\/03\/Redi-Qr-768x639.jpg 768w\" sizes=\"(max-width: 800px) 100vw, 800px\" width=\"300\" height=\"250\"   \/><\/a><\/div><\/div>","protected":false},"excerpt":{"rendered":"<p>LATINA &#8211; \u2018Politically Scorrect\u2019, su testi di Ethan Coen ed Edoardo Erba, \u00e8 scritto da due dei pi\u00f9 apprezzati autori del teatro surrealista contemporaneo americano ed italiano. A Latina lo porter\u00e0 in scena, domenica 22 settembre alle 21, nell&#8217;Arena del Museo Cambellotti, Palco 19 con la Compagnia dei Magnattori. &#8220;Due ore di ironia e riflessioni [&hellip;]<\/p>\n","protected":false},"author":60,"featured_media":252660,"comment_status":"open","ping_status":"open","sticky":false,"template":"","format":"standard","meta":{"footnotes":""},"categories":[16],"tags":[],"class_list":["post-252659","post","type-post","status-publish","format-standard","has-post-thumbnail","hentry","category-appuntamenti"],"_links":{"self":[{"href":"https:\/\/www.radioluna.it\/news\/wp-json\/wp\/v2\/posts\/252659","targetHints":{"allow":["GET"]}}],"collection":[{"href":"https:\/\/www.radioluna.it\/news\/wp-json\/wp\/v2\/posts"}],"about":[{"href":"https:\/\/www.radioluna.it\/news\/wp-json\/wp\/v2\/types\/post"}],"author":[{"embeddable":true,"href":"https:\/\/www.radioluna.it\/news\/wp-json\/wp\/v2\/users\/60"}],"replies":[{"embeddable":true,"href":"https:\/\/www.radioluna.it\/news\/wp-json\/wp\/v2\/comments?post=252659"}],"version-history":[{"count":0,"href":"https:\/\/www.radioluna.it\/news\/wp-json\/wp\/v2\/posts\/252659\/revisions"}],"wp:featuredmedia":[{"embeddable":true,"href":"https:\/\/www.radioluna.it\/news\/wp-json\/wp\/v2\/media\/252660"}],"wp:attachment":[{"href":"https:\/\/www.radioluna.it\/news\/wp-json\/wp\/v2\/media?parent=252659"}],"wp:term":[{"taxonomy":"category","embeddable":true,"href":"https:\/\/www.radioluna.it\/news\/wp-json\/wp\/v2\/categories?post=252659"},{"taxonomy":"post_tag","embeddable":true,"href":"https:\/\/www.radioluna.it\/news\/wp-json\/wp\/v2\/tags?post=252659"}],"curies":[{"name":"wp","href":"https:\/\/api.w.org\/{rel}","templated":true}]}}