{"id":252747,"date":"2019-09-20T19:24:02","date_gmt":"2019-09-20T17:24:02","guid":{"rendered":"https:\/\/www.radioluna.it\/news\/?p=252747"},"modified":"2019-09-20T19:24:02","modified_gmt":"2019-09-20T17:24:02","slug":"maltempo-lega-approvato-a-strasburgo-lo-stanziamento-di-272-milioni","status":"publish","type":"post","link":"https:\/\/www.radioluna.it\/news\/2019\/09\/maltempo-lega-approvato-a-strasburgo-lo-stanziamento-di-272-milioni\/","title":{"rendered":"Maltempo, Lega: &#8220;Approvato a Strasburgo lo stanziamento di 272 milioni&#8221;"},"content":{"rendered":"<div id=\"fb-root\"><\/div>\n<p style=\"text-align: justify;\"><strong>LATINA &#8211;<\/strong> &#8220;Stanziati 272,2 milioni per l&#8217;Italia dopo i danni del maltempo dello scorso autunno che ha toccato anche il Lazio e le province di Latina e Frosinone. Quando l&#8217;UE lavora per i territori e i cittadini del nostro Paese la Lega \u00e8 sempre pronta a dire si&#8221;. &#8220;Sono fiero di aver approvato con il voto di mercoled\u00ec in aula a Strasburgo lo sblocco del fondo di solidariet\u00e0 dell&#8217;Unione Europea e lo stanziamento di 277,2 milioni di euro a favore dell\u2019Italia. Una scelta che dimostra che quando l&#8217;Europa e i suoi organismi lavorano a favore dei cittadini e dei popoli e non per garantire le lobby e le multinazionali, la Lega \u00e8 sempre pronta a dire s\u00ec ai singoli provvedimenti che incontrano l&#8217;interesse nazionale.<\/p>\n<p style=\"text-align: justify;\">Dunque al di l\u00e0 della narrazione di chi vuole dipingere la Lega isolata in Europa, noi continueremo a lavorare sempre dalla parte dei cittadini.<\/p>\n<p style=\"text-align: justify;\">Purtroppo il tragico bilancio dell&#8217;autunno del 2018, ha visto quasi tutte le regioni italiane da nord a sud colpite da fenomeni meteorologici estremi che, anche nel Lazio e nelle province di Latina e Frosinone hanno causato vittime, frane, alluvioni e la caduta di alberi.<\/p>\n<p style=\"text-align: justify;\">Fenomeni meteorologici cos\u00ec gravi che in tutto il nostro Paese hanno causato 34 decessi e la scomparsa di una persona proprio in provincia di Latina con la voragine apertasi sulla Pontina. Le autorit\u00e0 italiane hanno stimato i danni di quei mesi in circa 6,6 miliardi di EURO. Questo accertamento dei danni \u00e8 stato confermato dai rapporti della mappatura rapida di Copernicus e dalla banca dati dello European Severe Storms Laboratory (laboratorio europeo delle tempeste violente). L&#8217;importo totale dell&#8217;aiuto concesso di 277,2 milioni di euro \u00e8 quindi solo una goccia nel mare dei danni subiti dal nostro Paese e dai nostri territori. Paesi come il nostro, &#8211; come ha ricordato anche il nostro capodelegazione, l&#8217;On. Marco Campomenosi &#8211; che ogni anno versano fiumi di euro a Bruxelles ricevendone indietro molti meno, devono essere sostenuti attivamente dall\u2019Unione Europea. Per questo mercoled\u00ec abbiamo votato a favore dello stanziamento di risorse per i danni causati lo scorso autunno dal maltempo in gran parte d\u2019Italia, tra cui il Lazio e le province di Latina e Frosinone: non \u00e8 abbastanza, ma \u00e8 comunque qualcosa. Meglio tardi che mai! Da parte nostra vigileremo perch\u00e9 le Regioni e gli enti interessati eroghino questi fondi in maniera giusta e solidale\u00bb. Lo dichiara in una nota l&#8217;Eurodeputato della Lega, Matteo Adinolfi.<\/p>\n<div class=\"radio-posizionamento-telefono-in-articoli-dopo-il-contenuto-articolo radio-entity-placement\" id=\"radio-2600540957\"><div id=\"radio-3026290241\"><a href=\"https:\/\/www.simeoneceramiche.com\/\" aria-label=\"SIMEONE CERAMICHE GIF animata per radioluna_Tavola disegno 1 copia 2 (online-video-cutter.com)\"><img loading=\"lazy\" decoding=\"async\" src=\"https:\/\/www.radioluna.it\/news\/wp-content\/uploads\/2025\/05\/SIMEONE-CERAMICHE-GIF-animata-per-radioluna_Tavola-disegno-1-copia-2-online-video-cutter.com_.gif\" alt=\"\"  width=\"300\" height=\"250\"   \/><\/a><\/div><\/div>","protected":false},"excerpt":{"rendered":"<p>LATINA &#8211; &#8220;Stanziati 272,2 milioni per l&#8217;Italia dopo i danni del maltempo dello scorso autunno che ha toccato anche il Lazio e le province di Latina e Frosinone. Quando l&#8217;UE lavora per i territori e i cittadini del nostro Paese la Lega \u00e8 sempre pronta a dire si&#8221;. &#8220;Sono fiero di aver approvato con il [&hellip;]<\/p>\n","protected":false},"author":60,"featured_media":249357,"comment_status":"open","ping_status":"open","sticky":false,"template":"","format":"standard","meta":{"footnotes":""},"categories":[8],"tags":[],"class_list":["post-252747","post","type-post","status-publish","format-standard","has-post-thumbnail","hentry","category-politica"],"_links":{"self":[{"href":"https:\/\/www.radioluna.it\/news\/wp-json\/wp\/v2\/posts\/252747","targetHints":{"allow":["GET"]}}],"collection":[{"href":"https:\/\/www.radioluna.it\/news\/wp-json\/wp\/v2\/posts"}],"about":[{"href":"https:\/\/www.radioluna.it\/news\/wp-json\/wp\/v2\/types\/post"}],"author":[{"embeddable":true,"href":"https:\/\/www.radioluna.it\/news\/wp-json\/wp\/v2\/users\/60"}],"replies":[{"embeddable":true,"href":"https:\/\/www.radioluna.it\/news\/wp-json\/wp\/v2\/comments?post=252747"}],"version-history":[{"count":0,"href":"https:\/\/www.radioluna.it\/news\/wp-json\/wp\/v2\/posts\/252747\/revisions"}],"wp:featuredmedia":[{"embeddable":true,"href":"https:\/\/www.radioluna.it\/news\/wp-json\/wp\/v2\/media\/249357"}],"wp:attachment":[{"href":"https:\/\/www.radioluna.it\/news\/wp-json\/wp\/v2\/media?parent=252747"}],"wp:term":[{"taxonomy":"category","embeddable":true,"href":"https:\/\/www.radioluna.it\/news\/wp-json\/wp\/v2\/categories?post=252747"},{"taxonomy":"post_tag","embeddable":true,"href":"https:\/\/www.radioluna.it\/news\/wp-json\/wp\/v2\/tags?post=252747"}],"curies":[{"name":"wp","href":"https:\/\/api.w.org\/{rel}","templated":true}]}}