{"id":252768,"date":"2019-09-21T08:14:16","date_gmt":"2019-09-21T06:14:16","guid":{"rendered":"https:\/\/www.radioluna.it\/news\/?p=252768"},"modified":"2019-09-21T10:33:47","modified_gmt":"2019-09-21T08:33:47","slug":"circeo-sughero-secolare-dato-alle-fiamme-perche","status":"publish","type":"post","link":"https:\/\/www.radioluna.it\/news\/2019\/09\/circeo-sughero-secolare-dato-alle-fiamme-perche\/","title":{"rendered":"Circeo, sughero secolare dato alle fiamme: perch\u00e9?"},"content":{"rendered":"<div id=\"fb-root\"><\/div>\n<p style=\"text-align: justify;\"><strong>SAN FELICE CIRCEO &#8211; <\/strong>Hanno appiccato il fuoco facendo fal\u00f2 di una pianta di sughero secolare. La protezione civile dell\u2019Anc di Sabaudia \u00e8 dovuta intervenire nella serata di ieri su via Nardecchia nel Comune di San Felice Circeo su indicazione della Sala Operativa Regionale del Lazio. L&#8217;incendio che si era sviluppato ai margini di un terreno coltivato a serra e minacciava anche una linea dell&#8217;Enel, rischiava infatti di propagarsi e creare danni alle strutture vicine. Da qui, le operazioni spegnimento durate un&#8217;ora e mezza circa. Dell&#8217;albero alla fine \u00e8 rimasto il legno carbonizzato.<\/p>\n<p style=\"text-align: justify;\">E allora la domanda viene spontanea: perch\u00e9? In tempi in cui da ogni parte del mondo si ricorda l\u2019importanza degli alberi per la sopravvivenza dell\u2019uomo, anche per la mitigazione degli effetti disastrosi dei cambiamenti climatici, e si invita a piantarne di nuovi, uno per ogni abitante della Terra,\u00a0 il gesto appare ancora pi\u00f9 insensato e criminale.\u00a0 Il sughero\u00a0 &#8211; secondo quanto riportato dall&#8217;Anc di Sabaudia diretta dal maresciallo Enzo Cestra &#8211; \u00e8 stato incendiato posizionando un innesco a met\u00e0 della pianta. Non c&#8217;\u00e8 dubbio quindi sulla volontariet\u00e0 del gesto.<\/p>\n","protected":false},"excerpt":{"rendered":"<p>SAN FELICE CIRCEO &#8211; Hanno appiccato il fuoco facendo fal\u00f2 di una pianta di sughero secolare. La protezione civile dell\u2019Anc di Sabaudia \u00e8 dovuta intervenire nella serata di ieri su via Nardecchia nel Comune di San Felice Circeo su indicazione della Sala Operativa Regionale del Lazio. L&#8217;incendio che si era sviluppato ai margini di un [&hellip;]<\/p>\n","protected":false},"author":62,"featured_media":252769,"comment_status":"open","ping_status":"open","sticky":false,"template":"","format":"standard","meta":{"footnotes":""},"categories":[7],"tags":[],"class_list":["post-252768","post","type-post","status-publish","format-standard","has-post-thumbnail","hentry","category-cronaca"],"_links":{"self":[{"href":"https:\/\/www.radioluna.it\/news\/wp-json\/wp\/v2\/posts\/252768","targetHints":{"allow":["GET"]}}],"collection":[{"href":"https:\/\/www.radioluna.it\/news\/wp-json\/wp\/v2\/posts"}],"about":[{"href":"https:\/\/www.radioluna.it\/news\/wp-json\/wp\/v2\/types\/post"}],"author":[{"embeddable":true,"href":"https:\/\/www.radioluna.it\/news\/wp-json\/wp\/v2\/users\/62"}],"replies":[{"embeddable":true,"href":"https:\/\/www.radioluna.it\/news\/wp-json\/wp\/v2\/comments?post=252768"}],"version-history":[{"count":0,"href":"https:\/\/www.radioluna.it\/news\/wp-json\/wp\/v2\/posts\/252768\/revisions"}],"wp:featuredmedia":[{"embeddable":true,"href":"https:\/\/www.radioluna.it\/news\/wp-json\/wp\/v2\/media\/252769"}],"wp:attachment":[{"href":"https:\/\/www.radioluna.it\/news\/wp-json\/wp\/v2\/media?parent=252768"}],"wp:term":[{"taxonomy":"category","embeddable":true,"href":"https:\/\/www.radioluna.it\/news\/wp-json\/wp\/v2\/categories?post=252768"},{"taxonomy":"post_tag","embeddable":true,"href":"https:\/\/www.radioluna.it\/news\/wp-json\/wp\/v2\/tags?post=252768"}],"curies":[{"name":"wp","href":"https:\/\/api.w.org\/{rel}","templated":true}]}}