{"id":252787,"date":"2019-09-21T09:35:23","date_gmt":"2019-09-21T07:35:23","guid":{"rendered":"https:\/\/www.radioluna.it\/news\/?p=252787"},"modified":"2019-09-26T14:09:08","modified_gmt":"2019-09-26T12:09:08","slug":"giornate-europee-del-patrimonio-siti-aperti-a-sabaudia-circeo-formia-e-cori","status":"publish","type":"post","link":"https:\/\/www.radioluna.it\/news\/2019\/09\/giornate-europee-del-patrimonio-siti-aperti-a-sabaudia-circeo-formia-e-cori\/","title":{"rendered":"Giornate Europee del Patrimonio, siti aperti a Sabaudia, Circeo, Formia e Cori"},"content":{"rendered":"<div id=\"fb-root\"><\/div>\n<p style=\"text-align: justify;\"><strong>LATINA<\/strong> &#8211; <strong>La Villa di Domiziano a Sabaudia, la Grotta Guattari a San Felice Circeo, la Tomba di Cicerone a Formia<\/strong> sono i siti archeologici aperti oggi e domani (21 e 22 settembre)\u00a0 per le Giornate Europee del Patrimonio. \u00a0L&#8217;iniziativa \u00e8 della Soprintendenza Archeologia, Belle Arti e Paesaggio delle province di Frosinone, Latina e Rieti che aderisce alla manifestazione nazionale considerata &#8220;occasione per riflettere sul benessere che deriva dall\u2019esperienza culturale e sui benefici che la fruizione del patrimonio culturale pu\u00f2 determinare in termini di divertimento, condivisione, sperimentazione ed evasione&#8221;. A Cori, invece, Mibac, Comune e Pro Loco organizzano visite guidate serali del quattrocentesco <strong>Oratorio dell&#8217;Annunziata<\/strong> dove ad ogni ingresso dei tre previsti, si terr\u00e0 anche un concerto di musiche rinascimentali.<\/p>\n<p style=\"text-align: justify;\"><strong>I DETTAGLI <\/strong><\/p>\n<p style=\"text-align: justify;\"><strong>A\u00a0 SABAUDIA<\/strong> (Localit\u00e0 Molella &#8211; Strada Palazzo) la Villa di Domiziano\u00a0 sar\u00e0 visitabile dalle 9.00 alle ore 13.00 e dalle ore 15.00 alle ore 19.00. Per info e prenotazioni: sabap-laz.personalesabaudia@beniculturali.it; tel. 0773 510768.<\/p>\n<p style=\"text-align: justify;\">L\u2019area archeologica si trova all\u2019interno di una riserva naturalistica. Per l\u2019escursione \u00e8 consigliabile abbigliamento adatto all\u2019area boscata.<\/p>\n<p style=\"text-align: justify;\"><strong>A SAN FELICE CIRCEO<\/strong> (IN Via Alcide De Gasperi, 1)\u00a0 stesso orario, dalle 9 alle 13 e dalle 15 alle 19 per visitare Grotta Guattari. La visita sar\u00e0 organizzata in gruppi di massimo 50 persone. All&#8217;interno della Grotta possono stare non pi\u00f9 di 7 visitatori. \u00c8 obbligatoria la prenotazione alla Pro Loco di San Felice Circeo al numero 0773 547770.<\/p>\n<p style=\"text-align: justify;\"><strong>A FORMIA<\/strong> (in Via Appia km 139) la Tomba di Cicerone sar\u00e0 aperta sabato 21 dalle ore 15.00 alle ore 18.00 e domenica 22 dalle ore 10.00 alle ore 13.00. Le visite guidate, a cura di RTA Sinus Formianus, saranno corredate da attivit\u00e0 di laboratorio (mosaico, giochi degli antichi Romani) per bambini. Saranno inoltre presenti interpreti LIS, che effettueranno la traduzione per le persone sorde nella Lingua Italiana dei Segni. Per info: sinusformianus@gmail.com; tel. 800.14.14.07<\/p>\n<p style=\"text-align: justify;\"><strong>A CORI<\/strong> &#8211; Le visite guidate sono previste per la serata di sabato 21 settembre dalle 19 alle 22, nel quattrocentesco Oratorio dell&#8217;Annunziata accompagnate da concerti di 15 minuti di musiche e canti rinascimentali eseguiti dal Complesso Strumentale \u201cFanfara Antiqua\u201d,\u00a0 con ingresso gratuito. Con inizio rispettivamente alle ore 19:30, 20:30 e 21:30 saranno presentati al termine delle visite guidate tre concerti titolati \u201cCANZONI PER SONAR D&#8217;OGNI SORTE DE INSTROMENTI\u201d &#8211; Musica e Canti rinascimentali tra gli splendidi affreschi dell&#8217;Annunziata. Il Complesso diretto in questa occasione dal M\u00b0 Carlo Marchionne si esibir\u00e0 con strumenti e costumi d\u2019epoca.<\/p>\n<p>&nbsp;<\/p>\n<div class=\"radio-posizionamento-telefono-in-articoli-dopo-il-contenuto-articolo radio-entity-placement\" id=\"radio-1498660382\"><div id=\"radio-3129860543\"><a href=\"https:\/\/grupporedi.it\/\" aria-label=\"Redi-Qr\"><img loading=\"lazy\" decoding=\"async\" src=\"https:\/\/www.radioluna.it\/news\/wp-content\/uploads\/2026\/03\/Redi-Qr.jpg\" alt=\"\"  srcset=\"https:\/\/www.radioluna.it\/news\/wp-content\/uploads\/2026\/03\/Redi-Qr.jpg 800w, https:\/\/www.radioluna.it\/news\/wp-content\/uploads\/2026\/03\/Redi-Qr-768x639.jpg 768w\" sizes=\"(max-width: 800px) 100vw, 800px\" width=\"300\" height=\"250\"   \/><\/a><\/div><\/div>","protected":false},"excerpt":{"rendered":"<p>LATINA &#8211; La Villa di Domiziano a Sabaudia, la Grotta Guattari a San Felice Circeo, la Tomba di Cicerone a Formia sono i siti archeologici aperti oggi e domani (21 e 22 settembre)\u00a0 per le Giornate Europee del Patrimonio. \u00a0L&#8217;iniziativa \u00e8 della Soprintendenza Archeologia, Belle Arti e Paesaggio delle province di Frosinone, Latina e Rieti [&hellip;]<\/p>\n","protected":false},"author":62,"featured_media":252788,"comment_status":"open","ping_status":"open","sticky":false,"template":"","format":"standard","meta":{"footnotes":""},"categories":[16],"tags":[],"class_list":["post-252787","post","type-post","status-publish","format-standard","has-post-thumbnail","hentry","category-appuntamenti"],"_links":{"self":[{"href":"https:\/\/www.radioluna.it\/news\/wp-json\/wp\/v2\/posts\/252787","targetHints":{"allow":["GET"]}}],"collection":[{"href":"https:\/\/www.radioluna.it\/news\/wp-json\/wp\/v2\/posts"}],"about":[{"href":"https:\/\/www.radioluna.it\/news\/wp-json\/wp\/v2\/types\/post"}],"author":[{"embeddable":true,"href":"https:\/\/www.radioluna.it\/news\/wp-json\/wp\/v2\/users\/62"}],"replies":[{"embeddable":true,"href":"https:\/\/www.radioluna.it\/news\/wp-json\/wp\/v2\/comments?post=252787"}],"version-history":[{"count":0,"href":"https:\/\/www.radioluna.it\/news\/wp-json\/wp\/v2\/posts\/252787\/revisions"}],"wp:featuredmedia":[{"embeddable":true,"href":"https:\/\/www.radioluna.it\/news\/wp-json\/wp\/v2\/media\/252788"}],"wp:attachment":[{"href":"https:\/\/www.radioluna.it\/news\/wp-json\/wp\/v2\/media?parent=252787"}],"wp:term":[{"taxonomy":"category","embeddable":true,"href":"https:\/\/www.radioluna.it\/news\/wp-json\/wp\/v2\/categories?post=252787"},{"taxonomy":"post_tag","embeddable":true,"href":"https:\/\/www.radioluna.it\/news\/wp-json\/wp\/v2\/tags?post=252787"}],"curies":[{"name":"wp","href":"https:\/\/api.w.org\/{rel}","templated":true}]}}