{"id":252848,"date":"2019-09-23T12:25:24","date_gmt":"2019-09-23T10:25:24","guid":{"rendered":"https:\/\/www.radioluna.it\/news\/?p=252848"},"modified":"2019-09-23T12:59:26","modified_gmt":"2019-09-23T10:59:26","slug":"il-giardino-di-ninfa-terapia-per-i-piu-fragili-i-luoghi-dei-caetani-saranno-utilizzati-per-attivita-inclusive","status":"publish","type":"post","link":"https:\/\/www.radioluna.it\/news\/2019\/09\/il-giardino-di-ninfa-terapia-per-i-piu-fragili-i-luoghi-dei-caetani-saranno-utilizzati-per-attivita-inclusive\/","title":{"rendered":"Il Giardino di Ninfa &#8220;terapia&#8221; per i pi\u00f9 fragili: i luoghi dei Caetani saranno utilizzati per attivit\u00e0 inclusive"},"content":{"rendered":"<div id=\"fb-root\"><\/div>\n<p style=\"text-align: justify;\"><strong>LATINA<\/strong> &#8211; I luoghi dei Caetani saranno utilizzati per attivit\u00e0 in favore delle persone pi\u00f9 fragili, perch\u00e9 i percorsi di riabilitazione, di reinserimento sociale, le attivit\u00e0 di carattere ludico e socio-educativo hanno maggiore possibilit\u00e0 di successo se realizzate in luoghi belli e in natura.\u00a0 Si aprono dunque a queste attivit\u00e0 le porte del Giardino di Ninfa, dell\u2019Oasi di Pantanello, dell\u2019azienda agricola Caetani che accoglieranno gli ospiti dei centri diurni comunali, \u00a0i pazienti del dipartimento di salute mentale della Asl di Latina e le associazioni che operano sul territorio per l\u2019inclusione dei disabili. E&#8217; il frutto di un protocollo d&#8217;intesa \u00a0firmato oggi in Aula Consiliare dal Sindaco Damiano Coletta, dal Presidente della Fondazione Caetani Tommaso Agnoni, dal Direttore Sanitario della Asl Giuseppe Visconti e dalla Presidente del Coordinamento VIA LIBERA Ida Ferrari.<\/p>\n<p style=\"text-align: justify;\">&#8220;Una societ\u00e0 \u00e8 pi\u00f9 civile se pensa a tutti e quello di oggi vuole essere un altro passo verso chi \u00e8 pi\u00f9 fragile &#8211;\u00a0 ha detto <strong>il sindaco di Latina Damiano Coletta<\/strong> &#8211; Al centro di questa convenzione si pone dunque la persona, la prevenzione del disagio, la promozione del benessere e la tutela del minore. Nei siti della Fondazione oggetto dell\u2019accordo si concretizzeranno infatti attivit\u00e0 finalizzate a sostenere lo sviluppo emotivo e affettivo, a favorire i processi di maturazione negli adolescenti e a potenziare il tessuto cittadino anche attraverso forme di cittadinanza attiva e la costruzione di legami e relazioni inter-generazionali&#8221;.<\/p>\n<audio class=\"wp-audio-shortcode\" id=\"audio-252848-1\" preload=\"none\" style=\"width: 100%;\" controls=\"controls\"><source type=\"audio\/mpeg\" src=\"https:\/\/www.radioluna.it\/news\/wp-content\/uploads\/2019\/09\/sindaco-protocollo.mp3?_=1\" \/><a href=\"https:\/\/www.radioluna.it\/news\/wp-content\/uploads\/2019\/09\/sindaco-protocollo.mp3\">https:\/\/www.radioluna.it\/news\/wp-content\/uploads\/2019\/09\/sindaco-protocollo.mp3<\/a><\/audio>\n<p style=\"text-align: justify;\">&#8220;Non \u00e8 una novit\u00e0 per noi&#8221;,\u00a0 sottolinea <strong>Tommaso Agnoni Presidente della Fondazione Roffredo Caetani<\/strong> ricordando che era stata proprio la nobile famiglia a volere che nel dopoguerra il Castello fosse utilizzato per ospitare colonie estive per bambini. &#8220;Crediamo che attivit\u00e0 di riabilitazione abbiano maggiore possibilit\u00e0 di successo se realizzate in luoghi belli, fuori dagli ambulatori&#8221;.<\/p>\n<audio class=\"wp-audio-shortcode\" id=\"audio-252848-2\" preload=\"none\" style=\"width: 100%;\" controls=\"controls\"><source type=\"audio\/mpeg\" src=\"https:\/\/www.radioluna.it\/news\/wp-content\/uploads\/2019\/09\/tommaso.mp3?_=2\" \/><a href=\"https:\/\/www.radioluna.it\/news\/wp-content\/uploads\/2019\/09\/tommaso.mp3\">https:\/\/www.radioluna.it\/news\/wp-content\/uploads\/2019\/09\/tommaso.mp3<\/a><\/audio>\n<p>&#8220;Siamo orgogliosi di firmare questo accordo, il nostro Dipartimento di Salute mentale parteciper\u00e0 attivamente, sar\u00e0 una sinergia per dare nuove opportunit\u00e0 ai nostri pazienti meno fortunati&#8221;, ha detto il<strong> direttore sanitario della Asl, Giuseppe Visconti.<\/strong><\/p>\n<audio class=\"wp-audio-shortcode\" id=\"audio-252848-3\" preload=\"none\" style=\"width: 100%;\" controls=\"controls\"><source type=\"audio\/mpeg\" src=\"https:\/\/www.radioluna.it\/news\/wp-content\/uploads\/2019\/09\/visconti.mp3?_=3\" \/><a href=\"https:\/\/www.radioluna.it\/news\/wp-content\/uploads\/2019\/09\/visconti.mp3\">https:\/\/www.radioluna.it\/news\/wp-content\/uploads\/2019\/09\/visconti.mp3<\/a><\/audio>\n<p style=\"text-align: justify;\">&#8220;Le associazioni hanno spesso buone idee e progetti, ma pochi spazi in cui realizzare questo lavoro, perch\u00e9 mancano le strutture. E&#8217; il primo passo verso la costruzione di comunit\u00e0 solidali, dove l&#8217;inclusione non \u00e8 limitata ad alcuni spazi e ad alcune attivit\u00e0 ma diventa ricchezza della comunit\u00e0 intera&#8221;, ha sottolineato I<strong>da Ferrari presidente del Comitato Via Libera.\u00a0 \u00a0 \u00a0<\/strong><\/p>\n<p style=\"text-align: justify;\"><strong>CHE COSA SI FARA&#8217; A NINFA<\/strong> &#8211; Il Comune, attraverso i servizi che hanno in carico la persona &#8211; Servizio Minori, Centro per la Famiglia, Centro Diurno Minori, Assistenza Domiciliare e Mediazione Educativa Minori e Famiglie, Centri Diurni Disabili &#8211; realizzer\u00e0 una serie di attivit\u00e0 di carattere ricreativo, socio educativo, di riabilitazione e reinserimento sociale.<\/p>\n<p style=\"text-align: justify;\">Il Dipartimento di Salute Mentale della ASL di Latina utilizzer\u00e0 le strutture messe a disposizione dalla Fondazione al fine di promuovere progetti volti allo sviluppo e al potenziamento delle abilit\u00e0 e delle risorse individuali, attraverso esperienze di inclusione sociale sul territorio.<\/p>\n<p style=\"text-align: justify;\">Il Coordinamento VIA LIBERA\u00a0 &#8211; una rete composta da 15 associazioni e da singoli cittadini che ha come finalit\u00e0 la promozione dell\u2019accessibilit\u00e0 e del superamento delle barriere architettoniche, culturali e socio ambientali che limitano la reale inclusione di tutti &#8211; utilizzer\u00e0 i luoghi dei Caetani per le attivit\u00e0 che gli aderenti alla rete promuoveranno nell\u2019ambito di percorsi di aggregazione ed inclusione.<\/p>\n<div class=\"radio-posizionamento-telefono-in-articoli-dopo-il-contenuto-articolo radio-entity-placement\" id=\"radio-463963445\"><div id=\"radio-90106457\"><a href=\"https:\/\/grupporedi.it\/\" aria-label=\"Redi-Qr\"><img loading=\"lazy\" decoding=\"async\" src=\"https:\/\/www.radioluna.it\/news\/wp-content\/uploads\/2026\/03\/Redi-Qr.jpg\" alt=\"\"  srcset=\"https:\/\/www.radioluna.it\/news\/wp-content\/uploads\/2026\/03\/Redi-Qr.jpg 800w, https:\/\/www.radioluna.it\/news\/wp-content\/uploads\/2026\/03\/Redi-Qr-768x639.jpg 768w\" sizes=\"(max-width: 800px) 100vw, 800px\" width=\"300\" height=\"250\"   \/><\/a><\/div><\/div>","protected":false},"excerpt":{"rendered":"<p>LATINA &#8211; I luoghi dei Caetani saranno utilizzati per attivit\u00e0 in favore delle persone pi\u00f9 fragili, perch\u00e9 i percorsi di riabilitazione, di reinserimento sociale, le attivit\u00e0 di carattere ludico e socio-educativo hanno maggiore possibilit\u00e0 di successo se realizzate in luoghi belli e in natura.\u00a0 Si aprono dunque a queste attivit\u00e0 le porte del Giardino di [&hellip;]<\/p>\n","protected":false},"author":62,"featured_media":252855,"comment_status":"open","ping_status":"open","sticky":false,"template":"","format":"standard","meta":{"footnotes":""},"categories":[7],"tags":[],"class_list":["post-252848","post","type-post","status-publish","format-standard","has-post-thumbnail","hentry","category-cronaca"],"_links":{"self":[{"href":"https:\/\/www.radioluna.it\/news\/wp-json\/wp\/v2\/posts\/252848","targetHints":{"allow":["GET"]}}],"collection":[{"href":"https:\/\/www.radioluna.it\/news\/wp-json\/wp\/v2\/posts"}],"about":[{"href":"https:\/\/www.radioluna.it\/news\/wp-json\/wp\/v2\/types\/post"}],"author":[{"embeddable":true,"href":"https:\/\/www.radioluna.it\/news\/wp-json\/wp\/v2\/users\/62"}],"replies":[{"embeddable":true,"href":"https:\/\/www.radioluna.it\/news\/wp-json\/wp\/v2\/comments?post=252848"}],"version-history":[{"count":0,"href":"https:\/\/www.radioluna.it\/news\/wp-json\/wp\/v2\/posts\/252848\/revisions"}],"wp:featuredmedia":[{"embeddable":true,"href":"https:\/\/www.radioluna.it\/news\/wp-json\/wp\/v2\/media\/252855"}],"wp:attachment":[{"href":"https:\/\/www.radioluna.it\/news\/wp-json\/wp\/v2\/media?parent=252848"}],"wp:term":[{"taxonomy":"category","embeddable":true,"href":"https:\/\/www.radioluna.it\/news\/wp-json\/wp\/v2\/categories?post=252848"},{"taxonomy":"post_tag","embeddable":true,"href":"https:\/\/www.radioluna.it\/news\/wp-json\/wp\/v2\/tags?post=252848"}],"curies":[{"name":"wp","href":"https:\/\/api.w.org\/{rel}","templated":true}]}}