{"id":253007,"date":"2019-09-25T17:18:00","date_gmt":"2019-09-25T15:18:00","guid":{"rendered":"https:\/\/www.radioluna.it\/news\/?p=253007"},"modified":"2019-10-03T14:09:27","modified_gmt":"2019-10-03T12:09:27","slug":"fiaccolata-a-latina-per-dire-no-alla-violenza-contro-le-donne","status":"publish","type":"post","link":"https:\/\/www.radioluna.it\/news\/2019\/09\/fiaccolata-a-latina-per-dire-no-alla-violenza-contro-le-donne\/","title":{"rendered":"Fiaccolata a Latina per dire no alla violenza contro le donne"},"content":{"rendered":"<div id=\"fb-root\"><\/div>\n<p style=\"text-align: justify;\"><strong>LATINA<\/strong> &#8211; Una fiaccolata cittadina per dire basta alla violenza contro le donne in una data scelta non a caso: il 29 settembre. L&#8217;iniziativa \u00e8 del collettivo Non una di Meno di Latina che spiega: &#8220;Sempre pi\u00f9 episodi nella nostra provincia&#8221;.<\/p>\n<p style=\"text-align: justify;\">La scelta del 29 settembre \u00e8 simbolica: &#8220;Nella notte fra il 29 e 30 settembre del 1975 si svolsero i terribili fatti noti come \u201cMassacro del Circeo\u201d &#8211; dicono le organizzatrici &#8211;\u00a0 In quegli anni ci fu una risposta massiccia da parte delle donne, che rilanci\u00f2 una coscienza femminista e lasci\u00f2 un segno indelebile in citt\u00e0 come nell\u2019intera societ\u00e0 italiana. Ieri Donatella e Rosaria, massacrate al Circeo, oggi Alessia, Martina, Desir\u00e9e, Elisa, Gloria. Sfileremo per loro e per tutte le persone che subiscono quotidianamente atti di violenza di genere in un assordante silenzio generale&#8221;.<\/p>\n<p style=\"text-align: justify;\">L&#8217;iniziativa \u00e8 di Non Una di Meno Latina insieme a Centro Donna Lilith, Arcigay Latina &#8211; SeicomeSei, AID Italia-Agenzia per l\u2019inclusione e i diritti, Cooperativa Karibu, con il patrocinio del Comune di Latina che invitano cittadine e cittadini di Latina e provincia a riunirsi domenica 29 settembre alle ore 20.00 in Piazza San Marco per sfilare nelle vie della citt\u00e0 e ribadire SE TOCCANO UNA TOCCANO TUTTE!<\/p>\n<div class=\"radio-posizionamento-telefono-in-articoli-dopo-il-contenuto-articolo radio-entity-placement\" id=\"radio-2370766338\"><div id=\"radio-3802856982\" style=\"width: 300px;height: 250px;\"><a href=\"https:\/\/www.icarspa.it\/auto\/usate\/latina\/\" aria-label=\"banner aprile icar new life &#8211; auto usate latina\"><img loading=\"lazy\" decoding=\"async\" src=\"https:\/\/www.radioluna.it\/news\/wp-content\/uploads\/2026\/02\/banner-aprile-icar-new-life-auto-usate-latina.gif\" alt=\"\"  width=\"300\" height=\"250\"   \/><\/a><\/div><\/div>","protected":false},"excerpt":{"rendered":"<p>LATINA &#8211; Una fiaccolata cittadina per dire basta alla violenza contro le donne in una data scelta non a caso: il 29 settembre. L&#8217;iniziativa \u00e8 del collettivo Non una di Meno di Latina che spiega: &#8220;Sempre pi\u00f9 episodi nella nostra provincia&#8221;. La scelta del 29 settembre \u00e8 simbolica: &#8220;Nella notte fra il 29 e 30 [&hellip;]<\/p>\n","protected":false},"author":62,"featured_media":253008,"comment_status":"open","ping_status":"open","sticky":false,"template":"","format":"standard","meta":{"footnotes":""},"categories":[16],"tags":[],"class_list":["post-253007","post","type-post","status-publish","format-standard","has-post-thumbnail","hentry","category-appuntamenti"],"_links":{"self":[{"href":"https:\/\/www.radioluna.it\/news\/wp-json\/wp\/v2\/posts\/253007","targetHints":{"allow":["GET"]}}],"collection":[{"href":"https:\/\/www.radioluna.it\/news\/wp-json\/wp\/v2\/posts"}],"about":[{"href":"https:\/\/www.radioluna.it\/news\/wp-json\/wp\/v2\/types\/post"}],"author":[{"embeddable":true,"href":"https:\/\/www.radioluna.it\/news\/wp-json\/wp\/v2\/users\/62"}],"replies":[{"embeddable":true,"href":"https:\/\/www.radioluna.it\/news\/wp-json\/wp\/v2\/comments?post=253007"}],"version-history":[{"count":0,"href":"https:\/\/www.radioluna.it\/news\/wp-json\/wp\/v2\/posts\/253007\/revisions"}],"wp:featuredmedia":[{"embeddable":true,"href":"https:\/\/www.radioluna.it\/news\/wp-json\/wp\/v2\/media\/253008"}],"wp:attachment":[{"href":"https:\/\/www.radioluna.it\/news\/wp-json\/wp\/v2\/media?parent=253007"}],"wp:term":[{"taxonomy":"category","embeddable":true,"href":"https:\/\/www.radioluna.it\/news\/wp-json\/wp\/v2\/categories?post=253007"},{"taxonomy":"post_tag","embeddable":true,"href":"https:\/\/www.radioluna.it\/news\/wp-json\/wp\/v2\/tags?post=253007"}],"curies":[{"name":"wp","href":"https:\/\/api.w.org\/{rel}","templated":true}]}}