{"id":253039,"date":"2019-09-26T09:17:48","date_gmt":"2019-09-26T07:17:48","guid":{"rendered":"https:\/\/www.radioluna.it\/news\/?p=253039"},"modified":"2019-09-26T18:09:43","modified_gmt":"2019-09-26T16:09:43","slug":"latina-martina-15-anni-scomparsa-da-tre-giorni-e-fuggita-con-il-vicino-di-casa-di-40-anni","status":"publish","type":"post","link":"https:\/\/www.radioluna.it\/news\/2019\/09\/latina-martina-15-anni-scomparsa-da-tre-giorni-e-fuggita-con-il-vicino-di-casa-di-40-anni\/","title":{"rendered":"Latina, Martina 15 anni scomparsa da tre giorni: &#8220;E&#8217; fuggita con il vicino di casa di 40 anni&#8221;"},"content":{"rendered":"<div id=\"fb-root\"><\/div>\n<p style=\"text-align: justify;\"><strong>LATINA<\/strong> &#8211; Martina Capasso si sarebbe allontanata con un vicino di casa, un uomo di 40 anni. Lo ha denunciato ieri sera durante la trasmissione <em>Chi l\u2019ha visto<\/em> di Rai Tre condotta da Federica Sciarelli, la mamma della 15 enne di Latina di cui non si hanno notizie dal 23 settembre giorno in cui si \u00e8 allontanata approfittando dell&#8217;assenza della mamma e dopo una discussione tra le due.<\/p>\n<p style=\"text-align: justify;\">Diana, la mamma della ragazza, ha subito intuito la gravit\u00e0 della situazione e disperata si \u00e8 recata dai carabinieri e alla polizia che hanno attivato il protocollo di ricerca previsto in questi casi. La famiglia ha anche fatto circolare l\u2019appello sui social chiedendo che\u00a0 chiunque abbia notizie o magari abbia visto la giovane e l&#8217;uomo che \u00e8 con lei, chiami le forze dell\u2019ordine. Tra l&#8217;altro lui che \u00e8 maggiorenne, rischia una denuncia grave, per sottrazione di minore.<\/p>\n<p style=\"text-align: justify;\">La ragazza \u00e8 alta 1,72 cm, ha i capelli lisci lunghi e neri, una rosa con volto di donna tatuata sul braccio destro. Al momento della scomparsa aveva con s\u00e9 uno zaino arancione e non ha portato con s\u00e9 n\u00e9 cellulare n\u00e9 documenti. I due potrebbero essere ancora a Latina.<\/p>\n<p style=\"text-align: justify;\">Ieri sera durante l&#8217;intervento in Tv, la mamma di Martina ha chiesto alla figlia di tornare a casa e al suo appello si \u00e8 aggiunto quello della sorella dell&#8217;uomo, altrettanto preoccupata per la situazione e per le conseguenze che potrebbe avere: &#8220;Riporta Martina a casa&#8221;.<\/p>\n<div class=\"radio-posizionamento-telefono-in-articoli-dopo-il-contenuto-articolo radio-entity-placement\" id=\"radio-232304696\"><div id=\"radio-2736035642\" style=\"width: 300px;height: 250px;\"><a href=\"https:\/\/www.icarspa.it\/auto\/usate\/latina\/\" aria-label=\"banner aprile icar new life &#8211; auto usate latina\"><img loading=\"lazy\" decoding=\"async\" src=\"https:\/\/www.radioluna.it\/news\/wp-content\/uploads\/2026\/02\/banner-aprile-icar-new-life-auto-usate-latina.gif\" alt=\"\"  width=\"300\" height=\"250\"   \/><\/a><\/div><\/div>","protected":false},"excerpt":{"rendered":"<p>LATINA &#8211; Martina Capasso si sarebbe allontanata con un vicino di casa, un uomo di 40 anni. Lo ha denunciato ieri sera durante la trasmissione Chi l\u2019ha visto di Rai Tre condotta da Federica Sciarelli, la mamma della 15 enne di Latina di cui non si hanno notizie dal 23 settembre giorno in cui si [&hellip;]<\/p>\n","protected":false},"author":62,"featured_media":253040,"comment_status":"open","ping_status":"open","sticky":false,"template":"","format":"standard","meta":{"footnotes":""},"categories":[7],"tags":[],"class_list":["post-253039","post","type-post","status-publish","format-standard","has-post-thumbnail","hentry","category-cronaca"],"_links":{"self":[{"href":"https:\/\/www.radioluna.it\/news\/wp-json\/wp\/v2\/posts\/253039","targetHints":{"allow":["GET"]}}],"collection":[{"href":"https:\/\/www.radioluna.it\/news\/wp-json\/wp\/v2\/posts"}],"about":[{"href":"https:\/\/www.radioluna.it\/news\/wp-json\/wp\/v2\/types\/post"}],"author":[{"embeddable":true,"href":"https:\/\/www.radioluna.it\/news\/wp-json\/wp\/v2\/users\/62"}],"replies":[{"embeddable":true,"href":"https:\/\/www.radioluna.it\/news\/wp-json\/wp\/v2\/comments?post=253039"}],"version-history":[{"count":0,"href":"https:\/\/www.radioluna.it\/news\/wp-json\/wp\/v2\/posts\/253039\/revisions"}],"wp:featuredmedia":[{"embeddable":true,"href":"https:\/\/www.radioluna.it\/news\/wp-json\/wp\/v2\/media\/253040"}],"wp:attachment":[{"href":"https:\/\/www.radioluna.it\/news\/wp-json\/wp\/v2\/media?parent=253039"}],"wp:term":[{"taxonomy":"category","embeddable":true,"href":"https:\/\/www.radioluna.it\/news\/wp-json\/wp\/v2\/categories?post=253039"},{"taxonomy":"post_tag","embeddable":true,"href":"https:\/\/www.radioluna.it\/news\/wp-json\/wp\/v2\/tags?post=253039"}],"curies":[{"name":"wp","href":"https:\/\/api.w.org\/{rel}","templated":true}]}}