{"id":253048,"date":"2019-09-26T11:13:00","date_gmt":"2019-09-26T09:13:00","guid":{"rendered":"https:\/\/www.radioluna.it\/news\/?p=253048"},"modified":"2019-09-26T13:05:41","modified_gmt":"2019-09-26T11:05:41","slug":"cimitero-e-avvisi-sulle-tombe-i-consumatori-a-ipogeo-ora-basta-o-sara-class-action","status":"publish","type":"post","link":"https:\/\/www.radioluna.it\/news\/2019\/09\/cimitero-e-avvisi-sulle-tombe-i-consumatori-a-ipogeo-ora-basta-o-sara-class-action\/","title":{"rendered":"Cimitero e avvisi sulle tombe, i Consumatori a Ipogeo: &#8220;Ora basta o sar\u00e0 class action&#8221;"},"content":{"rendered":"<div id=\"fb-root\"><\/div>\n<p style=\"text-align: justify;\"><strong>LATINA<\/strong> &#8211; L&#8217;avviso su carta gialla affisso sui loculi del cimitero dal gestore Ipogeo nei giorni scorsi come sorta di messa in mora indirizzata ai familiari dei defunti per chiedere di definire le rispettive posizioni contrattuali, non \u00e8 piaciuto a nessuno. Ai destinatari in primis, ai quali si impone in sostanza di pagare per rinnovare una concessione che in origine, e prima della nuova convenzione con il Gestore Ipogeo (firmata con il Comune nel 2008) aveva durate variabili anche novantennali e quindi nella totalit\u00e0 dei casi non ancora scadute. E non \u00e8 piaciuta ai Consumatori che sono su tutte le furie e minacciano la class action: &#8220;In assenza di una soluzione metteremo a disposizione le nostre professionalit\u00e0 per l\u2019avvio di azioni di classe per la tutela degli interessi dei cittadini&#8221;.\u00a0 Dal canto suo Ipogeo si trova in presenza di concessioni demaniali e teme che lo Stato possa chiedere conto delle mancate regolarizzazioni.<\/p>\n<p style=\"text-align: justify;\">&#8220;L&#8217;iniziativa di apporre dei post it sulle tombe\u00a0 ha sollevato dubbi e perplessit\u00e0 oltre che legali anche morali&#8221;, dicono Massimo Cusumano del Codacons e Laura Ardia di Federconsumatori che definiscono l&#8217;atteggiamento di Ipogeo &#8220;arrogante&#8221;. Il punto \u00e8 che Ipogeo chiede il rinnovo delle concessioni a 30 o 60 anni e annuncia che in caso contrario proceder\u00e0 forzosamente alla liberazione delle tombe, portando i resti nell&#8217;ossario comune senza tenere conto che ci sono titolari di concessioni ancora non scadute. &#8220;Un\u2019estumulazione forzata oltre che illegale che riteniamo del tutto immorale&#8221;, rimarcano i Consumatori.<\/p>\n<p style=\"text-align: justify;\">Se il Codici chiede che intervenga la Procura, Codacos e Federconsumatori rimarcano che il Gestore non pu\u00f2 pi\u00f9 nascondersi dietro agli articoli del Regolamento Cimiteriale, perch\u00e9 \u00e8 &#8220;cosa\u00a0 \u00a0contraria a tutte le leggi vigenti, vedi\u00a0 \u00a0l&#8217;art. 11, comma 1, delle Preleggi del Codice Civile che afferma che &#8220;la legge non dispone che per l&#8217;avvenire: essa non ha effetto retroattivo&#8221; se non in casi particolari e ben definiti, non certo per le estumulazioni come vorrebbero farci credere. Ne segue che la durata delle concessioni storiche \u00e8 variabile e dipende dalla normativa vigente all\u2019epoca della tumulazione. Affermare il contrario con assoluta certezza non \u00e8 corretto&#8221;.<\/p>\n<p style=\"text-align: justify;\">L&#8217;assessore ai lavori pubblici del Comune Emilio Ranieri dal canto suo ha spiegato in una nota che &#8220;l\u2019Amministrazione sta perfezionando il regolamento con i consumatori e un percorso amministrativo per dipanare le vicende legate al project financing, alla convenzione e ai possibili contenziosi&#8221;. \u00abSono convinto &#8211; prosegue l\u2019assessore &#8211; che riusciremo a risolvere la questione e comprendo il disagio delle famiglie che si sono viste recapitare l\u2019avviso. Il nostro primo pensiero \u00e8 sempre rivolto ai cittadini ed \u00e8 per questo che ci siamo attivati tempestivamente e che stiamo seguendo il caso con estrema attenzione\u00bb. Ranieri ha anche annunciato che sar\u00f2 consultato un legale specializzato.<\/p>\n<p style=\"text-align: justify;\">Per i Consumatori l&#8217;unica soluzione al problema invece &#8220;\u00e8 e deve essere Politica e deve aprirsi un tavolo tecnico con tutte le parti in causa perch\u00e9 si trovino delle soluzioni nel rispetto della legalit\u00e0 e dei sentimenti delle persone&#8221;.<\/p>\n<div class=\"radio-posizionamento-telefono-in-articoli-dopo-il-contenuto-articolo radio-entity-placement\" id=\"radio-1204980618\"><div id=\"radio-1819996895\"><a href=\"https:\/\/www.simeoneceramiche.com\/\" aria-label=\"SIMEONE CERAMICHE GIF animata per radioluna_Tavola disegno 1 copia 2 (online-video-cutter.com)\"><img loading=\"lazy\" decoding=\"async\" src=\"https:\/\/www.radioluna.it\/news\/wp-content\/uploads\/2025\/05\/SIMEONE-CERAMICHE-GIF-animata-per-radioluna_Tavola-disegno-1-copia-2-online-video-cutter.com_.gif\" alt=\"\"  width=\"300\" height=\"250\"   \/><\/a><\/div><\/div>","protected":false},"excerpt":{"rendered":"<p>LATINA &#8211; L&#8217;avviso su carta gialla affisso sui loculi del cimitero dal gestore Ipogeo nei giorni scorsi come sorta di messa in mora indirizzata ai familiari dei defunti per chiedere di definire le rispettive posizioni contrattuali, non \u00e8 piaciuto a nessuno. Ai destinatari in primis, ai quali si impone in sostanza di pagare per rinnovare [&hellip;]<\/p>\n","protected":false},"author":62,"featured_media":0,"comment_status":"open","ping_status":"open","sticky":false,"template":"","format":"standard","meta":{"footnotes":""},"categories":[7],"tags":[],"class_list":["post-253048","post","type-post","status-publish","format-standard","hentry","category-cronaca"],"_links":{"self":[{"href":"https:\/\/www.radioluna.it\/news\/wp-json\/wp\/v2\/posts\/253048","targetHints":{"allow":["GET"]}}],"collection":[{"href":"https:\/\/www.radioluna.it\/news\/wp-json\/wp\/v2\/posts"}],"about":[{"href":"https:\/\/www.radioluna.it\/news\/wp-json\/wp\/v2\/types\/post"}],"author":[{"embeddable":true,"href":"https:\/\/www.radioluna.it\/news\/wp-json\/wp\/v2\/users\/62"}],"replies":[{"embeddable":true,"href":"https:\/\/www.radioluna.it\/news\/wp-json\/wp\/v2\/comments?post=253048"}],"version-history":[{"count":0,"href":"https:\/\/www.radioluna.it\/news\/wp-json\/wp\/v2\/posts\/253048\/revisions"}],"wp:attachment":[{"href":"https:\/\/www.radioluna.it\/news\/wp-json\/wp\/v2\/media?parent=253048"}],"wp:term":[{"taxonomy":"category","embeddable":true,"href":"https:\/\/www.radioluna.it\/news\/wp-json\/wp\/v2\/categories?post=253048"},{"taxonomy":"post_tag","embeddable":true,"href":"https:\/\/www.radioluna.it\/news\/wp-json\/wp\/v2\/tags?post=253048"}],"curies":[{"name":"wp","href":"https:\/\/api.w.org\/{rel}","templated":true}]}}