{"id":253065,"date":"2019-09-26T13:05:12","date_gmt":"2019-09-26T11:05:12","guid":{"rendered":"https:\/\/www.radioluna.it\/news\/?p=253065"},"modified":"2019-09-27T06:05:20","modified_gmt":"2019-09-27T04:05:20","slug":"il-parco-del-circeo-si-racconta-al-wte-come-prima-riserva-della-biosfera-ditalia","status":"publish","type":"post","link":"https:\/\/www.radioluna.it\/news\/2019\/09\/il-parco-del-circeo-si-racconta-al-wte-come-prima-riserva-della-biosfera-ditalia\/","title":{"rendered":"Il Parco del Circeo si racconta al WTE come prima Riserva della Biosfera d&#8217;Italia"},"content":{"rendered":"<div id=\"fb-root\"><\/div>\n<p style=\"text-align: justify;\"><strong>SABAUDIA<\/strong> &#8211; Il Parco nazionale del Circeo, in quanto prima Riserva della Biosfera d&#8217;Italia (1977) e unica del Lazio, \u00e8 stato invitato ed \u00e8 presente da oggi al prestigioso WTE &#8211; il Salone Mondiale del Turismo dedicato ai siti e alle citt\u00e0 patrimonio mondiale Unesco, che si svolge a \u00a0Palazzo Venezia a Roma.<\/p>\n<p style=\"text-align: justify;\">&#8220;Sono oltre 120 i siti Unesco giunti da tutto il mondo per farsi conoscere e per promuovere un nuovo turismo culturale, pi\u00f9 consapevole e responsabile. L&#8217;obiettivo del Salone \u00e8 anche di offrire un\u2019occasione di riflessione e di confronto sulle politiche per il turismo, a partire proprio dal brand Unesco. L&#8217;Italia, del resto, con i suoi 54 siti Unesco, \u00e8 la nazione che ne ha di pi\u00f9&#8221; \u2013 spiega il direttore del parco nazionale del Circeo Paolo Cassola ricordando come il Programma sull\u2019uomo e la biosfera o Programma MAB di cui fa parte il Parco del Circeo \u00e8 uno dei cinque programmi dell\u2019UNESCO, nel quadro delle scienze esatte e naturali, che &#8220;mira a creare una base scientifica per promuovere un rapporto equilibrato tra uomo e ambiente&#8221;\u00a0 e ha \u00a0come obiettivo primario &#8220;l\u2019uso razionale e sostenibile delle risorse della biosfera e incoraggia quindi gli approcci innovativi allo sviluppo economico&#8221;, nell&#8217;ottica di raggiungere un equilibrio sostenibile tra esigenze umane e ambiente.<\/p>\n<p style=\"text-align: justify;\">Il Direttore del Parco del Circeo descriver\u00e0 nel suo intervento, accompagnato dalle immagini del territorio, le peculiarit\u00e0 e le potenzialit\u00e0 turistico-sostenibili della &#8220;nostra&#8221; Riserva della Biosfera, quella pontina.<\/p>\n<p style=\"text-align: justify;\">In programma anche il workshop \u201cIL PROGRAMMA MAB PER L\u2019UOMO E LA BIOSFERA\u201d, a cui parteciperanno Maria Carmela Giarratano, Direttore Generale Ministero dell\u2019Ambiente, del Territorio e del Mare; Maria Adelaide Ricciardi, architetto dipartimento direzione educazione e ricerca Ministero per i beni e le attivit\u00e0 culturali e il turismo MiBACT; Paolo Cassola, Direttore Ente Parco nazionale del Circeo; Gianluca Piovesan, professore ordinario di Pianificazione e gestione ecologica del territorio forestale Universit\u00e0 degli Studi della Tuscia &#8211; Dipartimento Dafme.<\/p>\n<p>&nbsp;<\/p>\n<p>&nbsp;<\/p>\n<div class=\"radio-posizionamento-telefono-in-articoli-dopo-il-contenuto-articolo radio-entity-placement\" id=\"radio-1313076560\"><div id=\"radio-3004379192\" style=\"width: 300px;height: 250px;\"><a href=\"https:\/\/www.icarspa.it\/auto\/usate\/latina\/\" aria-label=\"banner aprile icar new life &#8211; auto usate latina\"><img loading=\"lazy\" decoding=\"async\" src=\"https:\/\/www.radioluna.it\/news\/wp-content\/uploads\/2026\/02\/banner-aprile-icar-new-life-auto-usate-latina.gif\" alt=\"\"  width=\"300\" height=\"250\"   \/><\/a><\/div><\/div>","protected":false},"excerpt":{"rendered":"<p>SABAUDIA &#8211; Il Parco nazionale del Circeo, in quanto prima Riserva della Biosfera d&#8217;Italia (1977) e unica del Lazio, \u00e8 stato invitato ed \u00e8 presente da oggi al prestigioso WTE &#8211; il Salone Mondiale del Turismo dedicato ai siti e alle citt\u00e0 patrimonio mondiale Unesco, che si svolge a \u00a0Palazzo Venezia a Roma. &#8220;Sono oltre [&hellip;]<\/p>\n","protected":false},"author":62,"featured_media":253066,"comment_status":"open","ping_status":"open","sticky":false,"template":"","format":"standard","meta":{"footnotes":""},"categories":[12],"tags":[],"class_list":["post-253065","post","type-post","status-publish","format-standard","has-post-thumbnail","hentry","category-ambiente"],"_links":{"self":[{"href":"https:\/\/www.radioluna.it\/news\/wp-json\/wp\/v2\/posts\/253065","targetHints":{"allow":["GET"]}}],"collection":[{"href":"https:\/\/www.radioluna.it\/news\/wp-json\/wp\/v2\/posts"}],"about":[{"href":"https:\/\/www.radioluna.it\/news\/wp-json\/wp\/v2\/types\/post"}],"author":[{"embeddable":true,"href":"https:\/\/www.radioluna.it\/news\/wp-json\/wp\/v2\/users\/62"}],"replies":[{"embeddable":true,"href":"https:\/\/www.radioluna.it\/news\/wp-json\/wp\/v2\/comments?post=253065"}],"version-history":[{"count":0,"href":"https:\/\/www.radioluna.it\/news\/wp-json\/wp\/v2\/posts\/253065\/revisions"}],"wp:featuredmedia":[{"embeddable":true,"href":"https:\/\/www.radioluna.it\/news\/wp-json\/wp\/v2\/media\/253066"}],"wp:attachment":[{"href":"https:\/\/www.radioluna.it\/news\/wp-json\/wp\/v2\/media?parent=253065"}],"wp:term":[{"taxonomy":"category","embeddable":true,"href":"https:\/\/www.radioluna.it\/news\/wp-json\/wp\/v2\/categories?post=253065"},{"taxonomy":"post_tag","embeddable":true,"href":"https:\/\/www.radioluna.it\/news\/wp-json\/wp\/v2\/tags?post=253065"}],"curies":[{"name":"wp","href":"https:\/\/api.w.org\/{rel}","templated":true}]}}