{"id":253068,"date":"2019-09-26T13:26:49","date_gmt":"2019-09-26T11:26:49","guid":{"rendered":"https:\/\/www.radioluna.it\/news\/?p=253068"},"modified":"2019-09-26T13:26:49","modified_gmt":"2019-09-26T11:26:49","slug":"lotta-contro-il-tumore-al-seno-latina-illumina-di-rosa-la-torre-civica","status":"publish","type":"post","link":"https:\/\/www.radioluna.it\/news\/2019\/09\/lotta-contro-il-tumore-al-seno-latina-illumina-di-rosa-la-torre-civica\/","title":{"rendered":"Lotta contro il tumore al seno, Latina illumina di rosa la torre civica"},"content":{"rendered":"<div id=\"fb-root\"><\/div>\n<p style=\"text-align: justify;\"><strong>LATINA<\/strong> &#8211; L\u2019orologio della Torre Civica di Latina si illuminer\u00e0 di rosa per tutto il mese di ottobre in adesione alla campagna \u201cNastro Rosa\u201d indetta dalla LILT &#8211; Lega Italiana per la Lotta contro i Tumori &#8211; per spingere sull&#8217;importanza della prevenzione attraverso i controlli e l&#8217;adesione agli screening della Asl.<br \/>\nL\u2019Amministrazione ha accolto la richiesta degli organizzatori e l&#8217;orologio simbolicamente ricorder\u00e0 alle donne che l&#8217; arma pi\u00f9 valida per combattere il cancro al seno \u00e8 la diagnosi precoce.<br \/>\n\u00abFare prevenzione oggi &#8211; commenta il Sindaco Damiano Coletta &#8211; \u00e8 un passaggio fondamentale, il primo nella lotta ai tumori e in particolare al cancro al seno. Il mese di ottobre, come ogni anno, rappresenta un periodo di stimolo, da un punto di vista comunicativo, nella diffusione della cultura della prevenzione e come Comune siamo orgogliosi di poter dare anche solo un piccolo segnale accendendo simbolicamente un \u201cpresidio\u201d rosa nel cuore della nostra citt\u00e0\u00bb.<\/p>\n<p style=\"text-align: justify;\">Sul territorio pontino il programma Ottobre rosa 2019 viene realizzato dalla LILT provinciale in collaborazione con la Asl di Latina e il Polo Pontino dell\u2019Universit\u00e0 La Sapienza di Roma.<\/p>\n<div class=\"radio-posizionamento-telefono-in-articoli-dopo-il-contenuto-articolo radio-entity-placement\" id=\"radio-421551020\"><div id=\"radio-1626556327\"><a href=\"https:\/\/www.simeoneceramiche.com\/\" aria-label=\"SIMEONE CERAMICHE GIF animata per radioluna_Tavola disegno 1 copia 2 (online-video-cutter.com)\"><img loading=\"lazy\" decoding=\"async\" src=\"https:\/\/www.radioluna.it\/news\/wp-content\/uploads\/2025\/05\/SIMEONE-CERAMICHE-GIF-animata-per-radioluna_Tavola-disegno-1-copia-2-online-video-cutter.com_.gif\" alt=\"\"  width=\"300\" height=\"250\"   \/><\/a><\/div><\/div>","protected":false},"excerpt":{"rendered":"<p>LATINA &#8211; L\u2019orologio della Torre Civica di Latina si illuminer\u00e0 di rosa per tutto il mese di ottobre in adesione alla campagna \u201cNastro Rosa\u201d indetta dalla LILT &#8211; Lega Italiana per la Lotta contro i Tumori &#8211; per spingere sull&#8217;importanza della prevenzione attraverso i controlli e l&#8217;adesione agli screening della Asl. L\u2019Amministrazione ha accolto la [&hellip;]<\/p>\n","protected":false},"author":62,"featured_media":185039,"comment_status":"open","ping_status":"open","sticky":false,"template":"","format":"standard","meta":{"footnotes":""},"categories":[16],"tags":[],"class_list":["post-253068","post","type-post","status-publish","format-standard","has-post-thumbnail","hentry","category-appuntamenti"],"_links":{"self":[{"href":"https:\/\/www.radioluna.it\/news\/wp-json\/wp\/v2\/posts\/253068","targetHints":{"allow":["GET"]}}],"collection":[{"href":"https:\/\/www.radioluna.it\/news\/wp-json\/wp\/v2\/posts"}],"about":[{"href":"https:\/\/www.radioluna.it\/news\/wp-json\/wp\/v2\/types\/post"}],"author":[{"embeddable":true,"href":"https:\/\/www.radioluna.it\/news\/wp-json\/wp\/v2\/users\/62"}],"replies":[{"embeddable":true,"href":"https:\/\/www.radioluna.it\/news\/wp-json\/wp\/v2\/comments?post=253068"}],"version-history":[{"count":0,"href":"https:\/\/www.radioluna.it\/news\/wp-json\/wp\/v2\/posts\/253068\/revisions"}],"wp:featuredmedia":[{"embeddable":true,"href":"https:\/\/www.radioluna.it\/news\/wp-json\/wp\/v2\/media\/185039"}],"wp:attachment":[{"href":"https:\/\/www.radioluna.it\/news\/wp-json\/wp\/v2\/media?parent=253068"}],"wp:term":[{"taxonomy":"category","embeddable":true,"href":"https:\/\/www.radioluna.it\/news\/wp-json\/wp\/v2\/categories?post=253068"},{"taxonomy":"post_tag","embeddable":true,"href":"https:\/\/www.radioluna.it\/news\/wp-json\/wp\/v2\/tags?post=253068"}],"curies":[{"name":"wp","href":"https:\/\/api.w.org\/{rel}","templated":true}]}}