{"id":253104,"date":"2019-09-27T07:20:49","date_gmt":"2019-09-27T05:20:49","guid":{"rendered":"https:\/\/www.radioluna.it\/news\/?p=253104"},"modified":"2019-09-27T18:52:38","modified_gmt":"2019-09-27T16:52:38","slug":"pontina-bloccata-in-direzione-sud-un-tir-ha-perso-lasse","status":"publish","type":"post","link":"https:\/\/www.radioluna.it\/news\/2019\/09\/pontina-bloccata-in-direzione-sud-un-tir-ha-perso-lasse\/","title":{"rendered":"Pontina bloccata in direzione sud, un tir ha perso l&#8217;asse"},"content":{"rendered":"<div id=\"fb-root\"><\/div>\n<p style=\"text-align: justify;\"><strong>LATINA<\/strong> &#8211; Pontina bloccata al km 28 direzione sud con uscita o obbligatoria sulla complanare di servizio. La strada \u00e8 stata chiusa dopo che un mezzo pesante ha perso il terzo asse che si \u00e8 staccato di netto ed \u00e8 rimasto sulla carreggiata. Sul posto si trova la polizia stradale di Aprilia e l&#8217;Anas.<\/p>\n<div class=\"radio-posizionamento-telefono-in-articoli-dopo-il-contenuto-articolo radio-entity-placement\" id=\"radio-2863597895\"><div id=\"radio-487481294\"><a href=\"https:\/\/grupporedi.it\/\" aria-label=\"Redi-Qr\"><img loading=\"lazy\" decoding=\"async\" src=\"https:\/\/www.radioluna.it\/news\/wp-content\/uploads\/2026\/03\/Redi-Qr.jpg\" alt=\"\"  srcset=\"https:\/\/www.radioluna.it\/news\/wp-content\/uploads\/2026\/03\/Redi-Qr.jpg 800w, https:\/\/www.radioluna.it\/news\/wp-content\/uploads\/2026\/03\/Redi-Qr-768x639.jpg 768w\" sizes=\"(max-width: 800px) 100vw, 800px\" width=\"300\" height=\"250\"   \/><\/a><\/div><\/div>","protected":false},"excerpt":{"rendered":"<p>LATINA &#8211; Pontina bloccata al km 28 direzione sud con uscita o obbligatoria sulla complanare di servizio. La strada \u00e8 stata chiusa dopo che un mezzo pesante ha perso il terzo asse che si \u00e8 staccato di netto ed \u00e8 rimasto sulla carreggiata. Sul posto si trova la polizia stradale di Aprilia e l&#8217;Anas.<\/p>\n","protected":false},"author":62,"featured_media":253105,"comment_status":"open","ping_status":"open","sticky":false,"template":"","format":"standard","meta":{"footnotes":""},"categories":[7],"tags":[],"class_list":["post-253104","post","type-post","status-publish","format-standard","has-post-thumbnail","hentry","category-cronaca"],"_links":{"self":[{"href":"https:\/\/www.radioluna.it\/news\/wp-json\/wp\/v2\/posts\/253104","targetHints":{"allow":["GET"]}}],"collection":[{"href":"https:\/\/www.radioluna.it\/news\/wp-json\/wp\/v2\/posts"}],"about":[{"href":"https:\/\/www.radioluna.it\/news\/wp-json\/wp\/v2\/types\/post"}],"author":[{"embeddable":true,"href":"https:\/\/www.radioluna.it\/news\/wp-json\/wp\/v2\/users\/62"}],"replies":[{"embeddable":true,"href":"https:\/\/www.radioluna.it\/news\/wp-json\/wp\/v2\/comments?post=253104"}],"version-history":[{"count":0,"href":"https:\/\/www.radioluna.it\/news\/wp-json\/wp\/v2\/posts\/253104\/revisions"}],"wp:featuredmedia":[{"embeddable":true,"href":"https:\/\/www.radioluna.it\/news\/wp-json\/wp\/v2\/media\/253105"}],"wp:attachment":[{"href":"https:\/\/www.radioluna.it\/news\/wp-json\/wp\/v2\/media?parent=253104"}],"wp:term":[{"taxonomy":"category","embeddable":true,"href":"https:\/\/www.radioluna.it\/news\/wp-json\/wp\/v2\/categories?post=253104"},{"taxonomy":"post_tag","embeddable":true,"href":"https:\/\/www.radioluna.it\/news\/wp-json\/wp\/v2\/tags?post=253104"}],"curies":[{"name":"wp","href":"https:\/\/api.w.org\/{rel}","templated":true}]}}