{"id":253219,"date":"2019-09-30T10:14:53","date_gmt":"2019-09-30T08:14:53","guid":{"rendered":"https:\/\/www.radioluna.it\/news\/?p=253219"},"modified":"2019-09-30T10:14:53","modified_gmt":"2019-09-30T08:14:53","slug":"latina-campo-da-calcio-in-q4-q5-la-raccolta-di-firme-arriva-dal-sindaco","status":"publish","type":"post","link":"https:\/\/www.radioluna.it\/news\/2019\/09\/latina-campo-da-calcio-in-q4-q5-la-raccolta-di-firme-arriva-dal-sindaco\/","title":{"rendered":"Latina, campo da calcio in Q4\/Q5, la raccolta di firme arriva dal sindaco"},"content":{"rendered":"<div id=\"fb-root\"><\/div>\n<p style=\"text-align: justify;\"><strong>LATINA<\/strong> &#8211; Un campo di calcio nei quartieri Nuova Latina\u00a0 e Nascosa.\u00a0 Lo chiedono i ragazzi di Giovent\u00f9 Nazionale Latina, gruppo giovanile di Fratelli d\u2019Italia, che hanno promosso una raccolta di firme arrivata a oltre 200 per poi portarle all\u2019attenzione del sindaco e dell\u2019amministrazione comunale<br \/>\n\u201cIl grande interesse e l\u2019attenzione ricevuta dai nostri concittadini ci riempie di orgoglio e ci spinge ancora di pi\u00f9 a portare avanti questo progetto per la nostra comunit\u00e0. Lo sport \u00e8 un veicolo per infondere nei giovani l\u2019educazione e il rispetto delle regole senza dimenticare l\u2019aspetto sociale con cui si crea aggregazione. I quartieri Q4-Q5 sono i pi\u00f9 popolati della nostra citt\u00e0 ed \u00e8 quindi necessario rispondere alle esigenze dei residenti e delle nuove generazioni\u201d, affermano Maura Pane e Fabrizio Almanza, responsabili della raccolta firme \u201cattendiamo di essere convocati dal sindaco o da un suo rappresentante per presentargli il progetto e l\u2019impatto positivo che questo avr\u00e0 sul territorio\u201d.<\/p>\n<div class=\"radio-posizionamento-telefono-in-articoli-dopo-il-contenuto-articolo radio-entity-placement\" id=\"radio-3012443843\"><div id=\"radio-3482738802\" style=\"width: 300px;height: 250px;\"><a href=\"https:\/\/www.icarspa.it\/auto\/usate\/latina\/\" aria-label=\"banner aprile icar new life &#8211; auto usate latina\"><img loading=\"lazy\" decoding=\"async\" src=\"https:\/\/www.radioluna.it\/news\/wp-content\/uploads\/2026\/02\/banner-aprile-icar-new-life-auto-usate-latina.gif\" alt=\"\"  width=\"300\" height=\"250\"   \/><\/a><\/div><\/div>","protected":false},"excerpt":{"rendered":"<p>LATINA &#8211; Un campo di calcio nei quartieri Nuova Latina\u00a0 e Nascosa.\u00a0 Lo chiedono i ragazzi di Giovent\u00f9 Nazionale Latina, gruppo giovanile di Fratelli d\u2019Italia, che hanno promosso una raccolta di firme arrivata a oltre 200 per poi portarle all\u2019attenzione del sindaco e dell\u2019amministrazione comunale \u201cIl grande interesse e l\u2019attenzione ricevuta dai nostri concittadini ci [&hellip;]<\/p>\n","protected":false},"author":60,"featured_media":0,"comment_status":"open","ping_status":"open","sticky":false,"template":"","format":"standard","meta":{"footnotes":""},"categories":[8],"tags":[],"class_list":["post-253219","post","type-post","status-publish","format-standard","hentry","category-politica"],"_links":{"self":[{"href":"https:\/\/www.radioluna.it\/news\/wp-json\/wp\/v2\/posts\/253219","targetHints":{"allow":["GET"]}}],"collection":[{"href":"https:\/\/www.radioluna.it\/news\/wp-json\/wp\/v2\/posts"}],"about":[{"href":"https:\/\/www.radioluna.it\/news\/wp-json\/wp\/v2\/types\/post"}],"author":[{"embeddable":true,"href":"https:\/\/www.radioluna.it\/news\/wp-json\/wp\/v2\/users\/60"}],"replies":[{"embeddable":true,"href":"https:\/\/www.radioluna.it\/news\/wp-json\/wp\/v2\/comments?post=253219"}],"version-history":[{"count":0,"href":"https:\/\/www.radioluna.it\/news\/wp-json\/wp\/v2\/posts\/253219\/revisions"}],"wp:attachment":[{"href":"https:\/\/www.radioluna.it\/news\/wp-json\/wp\/v2\/media?parent=253219"}],"wp:term":[{"taxonomy":"category","embeddable":true,"href":"https:\/\/www.radioluna.it\/news\/wp-json\/wp\/v2\/categories?post=253219"},{"taxonomy":"post_tag","embeddable":true,"href":"https:\/\/www.radioluna.it\/news\/wp-json\/wp\/v2\/tags?post=253219"}],"curies":[{"name":"wp","href":"https:\/\/api.w.org\/{rel}","templated":true}]}}