{"id":253223,"date":"2019-09-30T10:31:18","date_gmt":"2019-09-30T08:31:18","guid":{"rendered":"https:\/\/www.radioluna.it\/news\/?p=253223"},"modified":"2019-09-30T12:35:39","modified_gmt":"2019-09-30T10:35:39","slug":"caporalato-sit-in-sotto-la-sede-dellinps-di-latina","status":"publish","type":"post","link":"https:\/\/www.radioluna.it\/news\/2019\/09\/caporalato-sit-in-sotto-la-sede-dellinps-di-latina\/","title":{"rendered":"Caporalato, sit-in sotto la sede dell&#8217;Inps di Latina"},"content":{"rendered":"<div id=\"fb-root\"><\/div>\n<p style=\"text-align: justify;\"><strong>LATINA<\/strong> &#8211; E\u2019 cominciata sotto la sede dell\u2019Inps la protesta indetta dalla Uila di Latina con gli ex dipendenti della Cooperativa Agri Amici coinvolta in un\u2019inchiesta sul caporalato che ha portato all\u2019arresto di sei persone. &#8220;per questi lavoratori oltre il danno anche la beffa&#8221;, spiegano dal sindacato dopo che\u00a0 l&#8217;istituto di previdenza ha negato l&#8217;indennit\u00e0 di disoccupazione agricola che spettava ai lavoratori per le giornate lavorate nel 2018, con riflessi su tutte le prestazioni previdenziali e assistenziali ne quinquennio precedente. &#8220;Anzich\u00e9 verificare le modalit\u00e0 con cui venivano sfruttati i lavoratori facendo emergere le irregolarit\u00e0 retributive e contributive, hanno gli ispettori predisposto un verbale di accertamento nell\u2019ambito del quale l\u2019unica questione esaminata \u00e8 stata quella dell\u2019inquadramento previdenziale della cooperativa concludendo che i lavoratori, inquadrati nel settore agricolo, avrebbero dovuto essere inquadrati nel settore dei \u201cservizi\u201d alle imprese&#8221;, ha spiegato il segretario Uila di Latina Giorgio Carra.<\/p>\n<p style=\"text-align: justify;\">Per il sindacato, iniziative come quella dell&#8217;Inps &#8220;in questo periodo, caratterizzato dalla crescente attenzione verso le problematiche del caporalato e dello sfruttamento dei lavoratori agricoli rispetto alle quali la Legge appena approvata dalla Regione Lazio&#8221; ha\u00a0 &#8220;conseguenze negative per la lotta allo sfruttamento del lavoro agricolo&#8221;.<\/p>\n<p>&nbsp;<\/p>\n<div class=\"radio-posizionamento-telefono-in-articoli-dopo-il-contenuto-articolo radio-entity-placement\" id=\"radio-1108744660\"><div id=\"radio-360506978\"><a href=\"https:\/\/www.simeoneceramiche.com\/\" aria-label=\"SIMEONE CERAMICHE GIF animata per radioluna_Tavola disegno 1 copia 2 (online-video-cutter.com)\"><img loading=\"lazy\" decoding=\"async\" src=\"https:\/\/www.radioluna.it\/news\/wp-content\/uploads\/2025\/05\/SIMEONE-CERAMICHE-GIF-animata-per-radioluna_Tavola-disegno-1-copia-2-online-video-cutter.com_.gif\" alt=\"\"  width=\"300\" height=\"250\"   \/><\/a><\/div><\/div>","protected":false},"excerpt":{"rendered":"<p>LATINA &#8211; E\u2019 cominciata sotto la sede dell\u2019Inps la protesta indetta dalla Uila di Latina con gli ex dipendenti della Cooperativa Agri Amici coinvolta in un\u2019inchiesta sul caporalato che ha portato all\u2019arresto di sei persone. &#8220;per questi lavoratori oltre il danno anche la beffa&#8221;, spiegano dal sindacato dopo che\u00a0 l&#8217;istituto di previdenza ha negato l&#8217;indennit\u00e0 [&hellip;]<\/p>\n","protected":false},"author":62,"featured_media":253224,"comment_status":"open","ping_status":"open","sticky":false,"template":"","format":"standard","meta":{"footnotes":""},"categories":[7],"tags":[],"class_list":["post-253223","post","type-post","status-publish","format-standard","has-post-thumbnail","hentry","category-cronaca"],"_links":{"self":[{"href":"https:\/\/www.radioluna.it\/news\/wp-json\/wp\/v2\/posts\/253223","targetHints":{"allow":["GET"]}}],"collection":[{"href":"https:\/\/www.radioluna.it\/news\/wp-json\/wp\/v2\/posts"}],"about":[{"href":"https:\/\/www.radioluna.it\/news\/wp-json\/wp\/v2\/types\/post"}],"author":[{"embeddable":true,"href":"https:\/\/www.radioluna.it\/news\/wp-json\/wp\/v2\/users\/62"}],"replies":[{"embeddable":true,"href":"https:\/\/www.radioluna.it\/news\/wp-json\/wp\/v2\/comments?post=253223"}],"version-history":[{"count":0,"href":"https:\/\/www.radioluna.it\/news\/wp-json\/wp\/v2\/posts\/253223\/revisions"}],"wp:featuredmedia":[{"embeddable":true,"href":"https:\/\/www.radioluna.it\/news\/wp-json\/wp\/v2\/media\/253224"}],"wp:attachment":[{"href":"https:\/\/www.radioluna.it\/news\/wp-json\/wp\/v2\/media?parent=253223"}],"wp:term":[{"taxonomy":"category","embeddable":true,"href":"https:\/\/www.radioluna.it\/news\/wp-json\/wp\/v2\/categories?post=253223"},{"taxonomy":"post_tag","embeddable":true,"href":"https:\/\/www.radioluna.it\/news\/wp-json\/wp\/v2\/tags?post=253223"}],"curies":[{"name":"wp","href":"https:\/\/api.w.org\/{rel}","templated":true}]}}