{"id":253287,"date":"2019-10-01T10:16:09","date_gmt":"2019-10-01T08:16:09","guid":{"rendered":"https:\/\/www.radioluna.it\/news\/?p=253287"},"modified":"2019-10-01T10:16:09","modified_gmt":"2019-10-01T08:16:09","slug":"cambio-al-comaca-di-sabaudia-sabato-la-cerimonia","status":"publish","type":"post","link":"https:\/\/www.radioluna.it\/news\/2019\/10\/cambio-al-comaca-di-sabaudia-sabato-la-cerimonia\/","title":{"rendered":"Cambio al Comaca di Sabaudia, sabato la cerimonia"},"content":{"rendered":"<div id=\"fb-root\"><\/div>\n<p style=\"text-align: justify;\"><strong>SABAUDIA &#8211;<\/strong> Il prossimo 4 ottobre alle ore 10.00, nella caserma \u201cSanta Barbara\u201d di Sabaudia si svolger\u00e0 la cerimonia di cambio del Comandante dell\u2019Artiglieria Controaerei, al Generale di Brigata Antonello Messenio Zanitti subentrer\u00e0 il Generale di Brigata Fabrizio Argiolas.\u00a0La cerimonia in armi, avr\u00e0 luogo alla presenza della Bandiera d\u2019Istituto del Comaca e delle Bandiere di Guerra dei reggimenti controaerei dipendenti, e vedr\u00e0 la partecipazione del Comandante delle Forze Operative Terrestri di Supporto, delle massime Autorit\u00e0 civili, religiose e militari locali, dei Gonfaloni delle citt\u00e0 di Latina e Sabaudia, dei Labari e delle Associazioni Combattentistiche e d&#8217;Arma, della Banda dell&#8217;Artiglieria Controaerei dell&#8217;Esercito Italiano.<\/p>\n<p>Alcune scolaresche prenderanno parte alla cerimonia.<\/p>\n<p>&nbsp;<\/p>\n<div class=\"radio-posizionamento-telefono-in-articoli-dopo-il-contenuto-articolo radio-entity-placement\" id=\"radio-2443111257\"><div id=\"radio-2050590705\" style=\"width: 300px;height: 250px;\"><a href=\"https:\/\/www.icarspa.it\/auto\/usate\/latina\/\" aria-label=\"banner aprile icar new life &#8211; auto usate latina\"><img loading=\"lazy\" decoding=\"async\" src=\"https:\/\/www.radioluna.it\/news\/wp-content\/uploads\/2026\/02\/banner-aprile-icar-new-life-auto-usate-latina.gif\" alt=\"\"  width=\"300\" height=\"250\"   \/><\/a><\/div><\/div>","protected":false},"excerpt":{"rendered":"<p>SABAUDIA &#8211; Il prossimo 4 ottobre alle ore 10.00, nella caserma \u201cSanta Barbara\u201d di Sabaudia si svolger\u00e0 la cerimonia di cambio del Comandante dell\u2019Artiglieria Controaerei, al Generale di Brigata Antonello Messenio Zanitti subentrer\u00e0 il Generale di Brigata Fabrizio Argiolas.\u00a0La cerimonia in armi, avr\u00e0 luogo alla presenza della Bandiera d\u2019Istituto del Comaca e delle Bandiere di [&hellip;]<\/p>\n","protected":false},"author":60,"featured_media":0,"comment_status":"open","ping_status":"open","sticky":false,"template":"","format":"standard","meta":{"footnotes":""},"categories":[16],"tags":[],"class_list":["post-253287","post","type-post","status-publish","format-standard","hentry","category-appuntamenti"],"_links":{"self":[{"href":"https:\/\/www.radioluna.it\/news\/wp-json\/wp\/v2\/posts\/253287","targetHints":{"allow":["GET"]}}],"collection":[{"href":"https:\/\/www.radioluna.it\/news\/wp-json\/wp\/v2\/posts"}],"about":[{"href":"https:\/\/www.radioluna.it\/news\/wp-json\/wp\/v2\/types\/post"}],"author":[{"embeddable":true,"href":"https:\/\/www.radioluna.it\/news\/wp-json\/wp\/v2\/users\/60"}],"replies":[{"embeddable":true,"href":"https:\/\/www.radioluna.it\/news\/wp-json\/wp\/v2\/comments?post=253287"}],"version-history":[{"count":0,"href":"https:\/\/www.radioluna.it\/news\/wp-json\/wp\/v2\/posts\/253287\/revisions"}],"wp:attachment":[{"href":"https:\/\/www.radioluna.it\/news\/wp-json\/wp\/v2\/media?parent=253287"}],"wp:term":[{"taxonomy":"category","embeddable":true,"href":"https:\/\/www.radioluna.it\/news\/wp-json\/wp\/v2\/categories?post=253287"},{"taxonomy":"post_tag","embeddable":true,"href":"https:\/\/www.radioluna.it\/news\/wp-json\/wp\/v2\/tags?post=253287"}],"curies":[{"name":"wp","href":"https:\/\/api.w.org\/{rel}","templated":true}]}}