{"id":253357,"date":"2019-10-02T11:01:14","date_gmt":"2019-10-02T09:01:14","guid":{"rendered":"https:\/\/www.radioluna.it\/news\/?p=253357"},"modified":"2019-10-02T11:01:14","modified_gmt":"2019-10-02T09:01:14","slug":"a-formia-una-mostra-filatelico-cartografica-alla-torre-di-mola","status":"publish","type":"post","link":"https:\/\/www.radioluna.it\/news\/2019\/10\/a-formia-una-mostra-filatelico-cartografica-alla-torre-di-mola\/","title":{"rendered":"A Formia una mostra filatelico-cartografica alla Torre di Mola"},"content":{"rendered":"<div id=\"fb-root\"><\/div>\n<p style=\"text-align: justify;\"><strong>FORMIA<\/strong> \u2013 E&#8217; concepita come un viaggio nella storia la mostra filatelico-cartografica organizzata dal Circolo \u201cMarco Tullio Cicerone\u201d che si terr\u00e0 il 5-6-7 ottobre alla Torre di Mola\u00a0 con il patrocinio del Comune di Formia e del Comune di Minturno.<\/p>\n<p style=\"text-align: justify;\">L\u2019esposizione, giunta alla sua XXI edizione, \u00e8 inserita nel programma delle manifestazioni filateliche nazionali e quest\u2019anno coincide con la ricorrenza del 160\u00b0 anniversario del primo francobollo di Sicilia, mentre la cartografia sar\u00e0 dedicata ai costumi tradizionali della Provincia di Terra di Lavoro (Basso Lazio), Mola di Gaeta (Formia), Traetto (oggi Minturno), Castelforte e Sessa Aurunca. I cultori del territorio sono da oggi invitati e possono ammirare dal vero incisioni e documenti che allora era in Provincia di Terra di Lavoro.<\/p>\n<p style=\"text-align: justify;\">Le collezioni sono ricche di francobolli classici e moderni: Regno di Sicilia (Palermo) di Salvatore Ferruzzi, bolli usati dai comuni del circondario di Formia e Gaeta di Lorenzo Pellegrino, Stato Pontificio di Gaetano Zuccarello, Lombardo Veneto di Bruno Mazzella, Regno d\u2019Italia di Carlo Russo, Olanda di Rita Borgia, storia postale su Roma di Giulio Tatta , il Gronchi Rosa di Arturo Albini e tematiche sulla Musica di Pasquale Pellegrino, Garibaldi di Paolo D\u2019Urso, la 2^ guerra mondiale di Gerardo De Meo, Germania: i primi giochi Olimpici dell\u2019era moderna di Luigi D\u2019Urso, Cristoforo Colombo di Antonio Lombardi, le olimpiadi di Roma del 1960 di Antonio Aceto, astronomia di Amato Macari e personaggi illustri della Gran Bretagna di Davide Ricci. Un mondo variegato che trasforma le collezioni in un viaggio nella storia ricco di interesse. In occasione della manifestazione sar\u00e0 realizzata una cartolina ufficiale e un pieghevole recante immagini di costumi tradizionali del basso Lazio (Terra di Lavoro). Cartoline commemorative e annulli speciali saranno disponibili presso l\u2019ufficio distaccato di Poste Italiane a partire da sabato 5 ottobre.<\/p>\n<p style=\"text-align: justify;\">Il Circolo Filatelico \u201cMarco Tullio Cicerone\u201d nasce nel 1996 dall\u2019incontro di amici che condividevano la passione per la filatelia. Da allora \u00e8 cresciuto incrementando il numero dei soci ed acquisendo nuove professionalit\u00e0. Negli ultimi anni \u00e8 stato istituito anche un settore giovanile. Le tante mostre organizzate nel corso di questi vent\u2019anni hanno dato lustro alla citt\u00e0 richiamando a Formia appassionati e visitatori provenienti da diverse regioni d\u2019Italia.<\/p>\n<p style=\"text-align: justify;\">\n<div class=\"radio-posizionamento-telefono-in-articoli-dopo-il-contenuto-articolo radio-entity-placement\" id=\"radio-601644105\"><div id=\"radio-2724380332\" style=\"width: 300px;height: 250px;\"><a href=\"https:\/\/www.icarspa.it\/auto\/usate\/latina\/\" aria-label=\"banner aprile icar new life &#8211; auto usate latina\"><img loading=\"lazy\" decoding=\"async\" src=\"https:\/\/www.radioluna.it\/news\/wp-content\/uploads\/2026\/02\/banner-aprile-icar-new-life-auto-usate-latina.gif\" alt=\"\"  width=\"300\" height=\"250\"   \/><\/a><\/div><\/div>","protected":false},"excerpt":{"rendered":"<p>FORMIA \u2013 E&#8217; concepita come un viaggio nella storia la mostra filatelico-cartografica organizzata dal Circolo \u201cMarco Tullio Cicerone\u201d che si terr\u00e0 il 5-6-7 ottobre alla Torre di Mola\u00a0 con il patrocinio del Comune di Formia e del Comune di Minturno. L\u2019esposizione, giunta alla sua XXI edizione, \u00e8 inserita nel programma delle manifestazioni filateliche nazionali e [&hellip;]<\/p>\n","protected":false},"author":60,"featured_media":253358,"comment_status":"open","ping_status":"open","sticky":false,"template":"","format":"standard","meta":{"footnotes":""},"categories":[16],"tags":[],"class_list":["post-253357","post","type-post","status-publish","format-standard","has-post-thumbnail","hentry","category-appuntamenti"],"_links":{"self":[{"href":"https:\/\/www.radioluna.it\/news\/wp-json\/wp\/v2\/posts\/253357","targetHints":{"allow":["GET"]}}],"collection":[{"href":"https:\/\/www.radioluna.it\/news\/wp-json\/wp\/v2\/posts"}],"about":[{"href":"https:\/\/www.radioluna.it\/news\/wp-json\/wp\/v2\/types\/post"}],"author":[{"embeddable":true,"href":"https:\/\/www.radioluna.it\/news\/wp-json\/wp\/v2\/users\/60"}],"replies":[{"embeddable":true,"href":"https:\/\/www.radioluna.it\/news\/wp-json\/wp\/v2\/comments?post=253357"}],"version-history":[{"count":0,"href":"https:\/\/www.radioluna.it\/news\/wp-json\/wp\/v2\/posts\/253357\/revisions"}],"wp:featuredmedia":[{"embeddable":true,"href":"https:\/\/www.radioluna.it\/news\/wp-json\/wp\/v2\/media\/253358"}],"wp:attachment":[{"href":"https:\/\/www.radioluna.it\/news\/wp-json\/wp\/v2\/media?parent=253357"}],"wp:term":[{"taxonomy":"category","embeddable":true,"href":"https:\/\/www.radioluna.it\/news\/wp-json\/wp\/v2\/categories?post=253357"},{"taxonomy":"post_tag","embeddable":true,"href":"https:\/\/www.radioluna.it\/news\/wp-json\/wp\/v2\/tags?post=253357"}],"curies":[{"name":"wp","href":"https:\/\/api.w.org\/{rel}","templated":true}]}}