{"id":253485,"date":"2019-10-04T07:11:36","date_gmt":"2019-10-04T05:11:36","guid":{"rendered":"https:\/\/www.radioluna.it\/news\/?p=253485"},"modified":"2019-10-04T07:11:36","modified_gmt":"2019-10-04T05:11:36","slug":"maenza-iaia-forte-legge-la-storia-di-elsa-morante-al-castello-baronale","status":"publish","type":"post","link":"https:\/\/www.radioluna.it\/news\/2019\/10\/maenza-iaia-forte-legge-la-storia-di-elsa-morante-al-castello-baronale\/","title":{"rendered":"Maenza, Iaia Forte legge La Storia di Elsa Morante al Castello Baronale"},"content":{"rendered":"<div id=\"fb-root\"><\/div>\n<p style=\"text-align: justify;\"><strong>MAENZA<\/strong> &#8211; Iaia Forte legger\u00e0 La Storia di Elsa Morante, uno dei pi\u00f9 famosi romanzi del &#8216;900 ambientato nella II Guerra Mondiale. E&#8217; il\u00a0 secondo appuntamento del progetto Piccoli comuni incontrano la Cultura, in programma sabato \u00a05 ottobre alle 21 al Castello Baronale di Maenza.<\/p>\n<p style=\"text-align: justify;\">\u00abQuando ho letto la Storia ero molto giovane, e mi \u00e8 sembrato di capire per la prima volta cosa significasse la parola \u201cGuerra\u201d. Mi conforta poterlo leggere in pubblico in un momento come quello attuale, in cui si tende a rimuovere ogni memoria credo\u00a0 sia doveroso dare voce alla nostra migliore letteratura\u00bb, ha dichiarato l&#8217;attrice.<\/p>\n<p style=\"text-align: justify;\">Il progetto PICCOLI COMUNI INCONTRANO LA CULTURA realizzato da ATCL \u00e8 pensato per 47 piccoli comuni, comunit\u00e0 al di sotto di 5000 abitanti, e in provincia di Latina toccher\u00e0 anche\u00a0 Bassiano, Castelforte, Norma, Prossedi, Rocca Massima e Roccasecca del Volsci.<\/p>\n<p style=\"text-align: justify;\">nell&#8217;ambito del progetto, per poco pi\u00f9 di 2 mesi, dal 28 settembre al 30 novembre, l\u2019intero territorio sar\u00e0 attraversato da concerti, spettacoli, attivit\u00e0 per bambini, danza, incontri per un totale di 25 compagnie, 110 tra attori e tecnici, 20 tra studiosi e scrittori: &#8220;Un caleidoscopico calendario di eventi che disegner\u00e0 un itinerario \u201cfantastico\u201d di riscoperta del piccolo\/grande territorio&#8221;, dicono dall&#8217;Atcl.\u00a0 L&#8217;ingresso agli spettacolo \u00e8 gratuito.<\/p>\n<p>&nbsp;<\/p>\n<div class=\"radio-posizionamento-telefono-in-articoli-dopo-il-contenuto-articolo radio-entity-placement\" id=\"radio-1093485628\"><div id=\"radio-2720767435\"><a href=\"https:\/\/grupporedi.it\/\" aria-label=\"Redi-Qr\"><img loading=\"lazy\" decoding=\"async\" src=\"https:\/\/www.radioluna.it\/news\/wp-content\/uploads\/2026\/03\/Redi-Qr.jpg\" alt=\"\"  srcset=\"https:\/\/www.radioluna.it\/news\/wp-content\/uploads\/2026\/03\/Redi-Qr.jpg 800w, https:\/\/www.radioluna.it\/news\/wp-content\/uploads\/2026\/03\/Redi-Qr-768x639.jpg 768w\" sizes=\"(max-width: 800px) 100vw, 800px\" width=\"300\" height=\"250\"   \/><\/a><\/div><\/div>","protected":false},"excerpt":{"rendered":"<p>MAENZA &#8211; Iaia Forte legger\u00e0 La Storia di Elsa Morante, uno dei pi\u00f9 famosi romanzi del &#8216;900 ambientato nella II Guerra Mondiale. E&#8217; il\u00a0 secondo appuntamento del progetto Piccoli comuni incontrano la Cultura, in programma sabato \u00a05 ottobre alle 21 al Castello Baronale di Maenza. \u00abQuando ho letto la Storia ero molto giovane, e mi [&hellip;]<\/p>\n","protected":false},"author":62,"featured_media":253486,"comment_status":"open","ping_status":"open","sticky":false,"template":"","format":"standard","meta":{"footnotes":""},"categories":[16],"tags":[],"class_list":["post-253485","post","type-post","status-publish","format-standard","has-post-thumbnail","hentry","category-appuntamenti"],"_links":{"self":[{"href":"https:\/\/www.radioluna.it\/news\/wp-json\/wp\/v2\/posts\/253485","targetHints":{"allow":["GET"]}}],"collection":[{"href":"https:\/\/www.radioluna.it\/news\/wp-json\/wp\/v2\/posts"}],"about":[{"href":"https:\/\/www.radioluna.it\/news\/wp-json\/wp\/v2\/types\/post"}],"author":[{"embeddable":true,"href":"https:\/\/www.radioluna.it\/news\/wp-json\/wp\/v2\/users\/62"}],"replies":[{"embeddable":true,"href":"https:\/\/www.radioluna.it\/news\/wp-json\/wp\/v2\/comments?post=253485"}],"version-history":[{"count":0,"href":"https:\/\/www.radioluna.it\/news\/wp-json\/wp\/v2\/posts\/253485\/revisions"}],"wp:featuredmedia":[{"embeddable":true,"href":"https:\/\/www.radioluna.it\/news\/wp-json\/wp\/v2\/media\/253486"}],"wp:attachment":[{"href":"https:\/\/www.radioluna.it\/news\/wp-json\/wp\/v2\/media?parent=253485"}],"wp:term":[{"taxonomy":"category","embeddable":true,"href":"https:\/\/www.radioluna.it\/news\/wp-json\/wp\/v2\/categories?post=253485"},{"taxonomy":"post_tag","embeddable":true,"href":"https:\/\/www.radioluna.it\/news\/wp-json\/wp\/v2\/tags?post=253485"}],"curies":[{"name":"wp","href":"https:\/\/api.w.org\/{rel}","templated":true}]}}