{"id":253524,"date":"2019-10-11T13:15:37","date_gmt":"2019-10-11T11:15:37","guid":{"rendered":"https:\/\/www.radioluna.it\/news\/?p=253524"},"modified":"2019-10-11T16:01:56","modified_gmt":"2019-10-11T14:01:56","slug":"a-latina-lavoro-senza-barriere-francesco-stacca-il-biglietto-per-la-vita-adulta","status":"publish","type":"post","link":"https:\/\/www.radioluna.it\/news\/2019\/10\/a-latina-lavoro-senza-barriere-francesco-stacca-il-biglietto-per-la-vita-adulta\/","title":{"rendered":"A Latina lavoro senza barriere: Francesco stacca il biglietto per la vita adulta"},"content":{"rendered":"<div id=\"fb-root\"><\/div>\n<p>(con Francesco nelle foto ci sono Fabrizio Farina e Annalisa Guarda)<\/p>\n<p style=\"text-align: justify;\"><strong>LATINA &#8211; I primi dieci giorni di lavoro sono passati impegnati e felici per Francesco Mucci, 25 anni,\u00a0 al suo primo vero impiego, con divisa, orario e tutto il resto, al Todis di Via Giustiniano,<a href=\"https:\/\/www.radioluna.it\/news\/2019\/08\/latina-ragazzi-speciali-al-lavoro-bruno-mucci-quel-cromosoma-in-piu-e-il-segreto-del-loro-successo\/\"> un&#8217;altra realt\u00e0<\/a> che a Latina ha voluto investire sulla positivit\u00e0 dell&#8217;inclusione, scommettendo sulle capacit\u00e0 di un ragazzo con sindrome di Down. Cos\u00ec, dopo aver firmato il contratto con il titolare Umberto Battisti, il primo giorno di ottobre Francesco ha preso servizio nel supermercato con la sua maglia arancione, i pantaloni grigi, i guanti e le scarpe antinfortunistica.<\/strong><\/p>\n<p style=\"text-align: justify;\"><strong>ESPERIENZA DUPLICE &#8211; <\/strong>&#8220;E&#8217; stata <strong>una novit\u00e0 assoluta e si sta rivelando positiva e bella sotto tutti i punti di vista<\/strong>, speriamo di riuscire a portarla avanti e di fare anche meglio di cos\u00ec. Ci auguriamo che Francesco sia sempre a suo agio e trascorra delle giornate positive non solo dal punto di vista lavorativo, ma anche umano &#8211; <strong>spiega Fabrizio Farina responsabile del punto vendita<\/strong> &#8211;\u00a0<strong> Non posso negare che qualche perplessit\u00e0 iniziale c&#8217;\u00e8 stata<\/strong>, ed \u00e8 quella che riguarda in genere l&#8217;inserimento dei &#8220;nuovi&#8221; addetti, soprattutto se giovani e senza esperienza: il contatto con il cliente \u00e8 delicato e diretto; c&#8217;\u00e8 una grande quantit\u00e0 di prodotti da memorizzare; e un altro aspetto \u00e8 la pericolosit\u00e0, perch\u00e9 si lavora con il vetro e con le scaffalature. Ma abbiamo visto che <strong>ha risposto molto bene, lavora con cura e precisione ed \u00e8 rispettoso delle regole, cosa che mi ha lasciato colpito e soddisfatto<\/strong>&#8220;.<\/p>\n<p style=\"text-align: justify;\"><strong>CHI LO SEGUE<\/strong> &#8211; Francesco ha<strong> un tutor, Massimo Zimbardi e altri due referenti Ilaria Sperotto e Luca D\u2018Urso. Sono loro che stanno rendendo di fatto possibile questo importante passaggio alla sua nuova vita.<\/strong><\/p>\n<p style=\"text-align: justify;\"><strong>E poi c&#8217;\u00e8 Annalisa Guarda, pedagogista<\/strong>\u00a0\u00a0<strong>e counselor socio-educativo<\/strong> <strong>che, quando Francesco era bambino, gli ha insegnato ad attraversare la strada<\/strong> per andare a scuola da solo, e oggi lo ha seguito nella prima e fondamentale fase dell&#8217;inserimento lavorativo su richiesta dei genitori del ragazzo.<\/p>\n<p style=\"text-align: justify;\">&#8220;<strong>Francesco \u00e8 stato eccezionale, alla fine della prima settimana aveva gi\u00e0 stabilito relazioni positive con i suoi colleghi e ha compreso perfettamente le sue mansioni<\/strong>. Nei primi giorni ho addirittura dovuto imporgli la pausa, lui non avrebbe mai smesso di lavorare&#8221;, racconta la pedagogista spiegando quanto sia stato importante trovare un ambiente accogliente. &#8220;Il suo tutor aziendale, Massimo, con Fabrizio, Ilaria e Luca sono stati molto attenti e sempre disponibili e Francesco ha sentito questo clima favorevole&#8221;.<\/p>\n<p style=\"text-align: justify;\">Tutto semplice allora? &#8220;La cosa pi\u00f9 difficile per lui, direi, \u00e8 stata l&#8217;approccio con i clienti. Qualcuno, trovandolo agli scaffali e non sapendo che era l\u00ec solo da pochi giorni, gli ha chiesto consigli su quale prodotto comprare e lui \u00e8 rimasto un po&#8217; spiazzato. Forse in quei momenti \u00e8 stato utile il mio ruolo di mediatore &#8211;\u00a0 sorride Annalisa &#8211; Ma bisogna anche dire che i clienti sono stati tutti assolutamente ben disposti e anche interessati a sapere se si trattava di un vero lavoro per Francesco e se avrebbe avuto uno stipendio&#8221;.<\/p>\n<p><strong>ANNALISA GUARDA<\/strong><\/p>\n<audio class=\"wp-audio-shortcode\" id=\"audio-253524-1\" preload=\"none\" style=\"width: 100%;\" controls=\"controls\"><source type=\"audio\/mpeg\" src=\"https:\/\/www.radioluna.it\/news\/wp-content\/uploads\/2019\/10\/annalisa-guarda.mp3?_=1\" \/><a href=\"https:\/\/www.radioluna.it\/news\/wp-content\/uploads\/2019\/10\/annalisa-guarda.mp3\">https:\/\/www.radioluna.it\/news\/wp-content\/uploads\/2019\/10\/annalisa-guarda.mp3<\/a><\/audio>\n<p style=\"text-align: justify;\">Il ragazzo d&#8217;ora in poi dovr\u00e0 camminare sulle sue gambe, non sono previsti sconti. Ma dalla sua ha un alleato speciale, la sua ironia di ragazzo che ha sempre affrontato con coraggio le sfide che gli sono state poste grazie anche alla rete che ha intorno e alla fiducia che i genitori nutrono in lui.<\/p>\n<p style=\"text-align: justify;\"><strong>VERSO LA VITA AUTONOMA<\/strong> &#8211; <strong>&#8220;Uno degli aspetti pi\u00f9 importanti di questa esperienza \u00e8 senz&#8217;altro la consapevolezza di aver compiuto un passo significativo verso una condizione di vita adulta &#8211; sottolinea il pap\u00e0 Bruno Mucci, che \u00e8 anche presidente della Diaphor\u00e0 Onlus<\/strong> &#8211; Vedere il proprio figlio alzarsi, e indossare la divisa piegata la sera prima sulla sedia di fronte al letto, fare colazione e andare al lavoro \u00e8 una soddisfazione immensa.\u00a0 I primi giorni era pronto un&#8217;ora prima. Quel ragazzo che molti chiamano &#8220;bambino&#8221; anche a 25 anni, \u00e8 davvero diventato grande. Credo anche sia giusto dire che tutto questo \u00e8 stato possibile <strong>grazie allo strumento del\u00a0 Tirocinio Formativo Extracurriculare della Regione Lazio<\/strong> <strong>per persone con disabilit\u00e0, e anche grazie al prezioso supporto dell&#8217;Enadil di Latina<\/strong> che ha gestito tutta la parte amministrativa&#8221;.<\/p>\n<p style=\"text-align: justify;\">Un progetto di vita autonoma come quelli a cui lavorano alacremente anche altre associazioni, e che si pu\u00f2 avverare: &#8220;Il lavoro\u00a0 &#8211; conclude Bruno Mucci &#8211; rappresenta un parte fondamentale verso il passaggio ad una soluzione abitativa condivisa, che \u00e8 il passo ulteriore da compiere. <strong>Siamo felici, perch\u00e9 Francesco ha staccato il biglietto per la vita adulta<\/strong>&#8220;.<\/p>\n","protected":false},"excerpt":{"rendered":"<p>(con Francesco nelle foto ci sono Fabrizio Farina e Annalisa Guarda) LATINA &#8211; I primi dieci giorni di lavoro sono passati impegnati e felici per Francesco Mucci, 25 anni,\u00a0 al suo primo vero impiego, con divisa, orario e tutto il resto, al Todis di Via Giustiniano, un&#8217;altra realt\u00e0 che a Latina ha voluto investire sulla [&hellip;]<\/p>\n","protected":false},"author":62,"featured_media":253525,"comment_status":"open","ping_status":"open","sticky":false,"template":"","format":"gallery","meta":{"footnotes":""},"categories":[735,2310],"tags":[],"class_list":["post-253524","post","type-post","status-publish","format-gallery","has-post-thumbnail","hentry","category-attualita","category-audio","post_format-post-format-gallery"],"_links":{"self":[{"href":"https:\/\/www.radioluna.it\/news\/wp-json\/wp\/v2\/posts\/253524","targetHints":{"allow":["GET"]}}],"collection":[{"href":"https:\/\/www.radioluna.it\/news\/wp-json\/wp\/v2\/posts"}],"about":[{"href":"https:\/\/www.radioluna.it\/news\/wp-json\/wp\/v2\/types\/post"}],"author":[{"embeddable":true,"href":"https:\/\/www.radioluna.it\/news\/wp-json\/wp\/v2\/users\/62"}],"replies":[{"embeddable":true,"href":"https:\/\/www.radioluna.it\/news\/wp-json\/wp\/v2\/comments?post=253524"}],"version-history":[{"count":0,"href":"https:\/\/www.radioluna.it\/news\/wp-json\/wp\/v2\/posts\/253524\/revisions"}],"wp:featuredmedia":[{"embeddable":true,"href":"https:\/\/www.radioluna.it\/news\/wp-json\/wp\/v2\/media\/253525"}],"wp:attachment":[{"href":"https:\/\/www.radioluna.it\/news\/wp-json\/wp\/v2\/media?parent=253524"}],"wp:term":[{"taxonomy":"category","embeddable":true,"href":"https:\/\/www.radioluna.it\/news\/wp-json\/wp\/v2\/categories?post=253524"},{"taxonomy":"post_tag","embeddable":true,"href":"https:\/\/www.radioluna.it\/news\/wp-json\/wp\/v2\/tags?post=253524"}],"curies":[{"name":"wp","href":"https:\/\/api.w.org\/{rel}","templated":true}]}}