{"id":253860,"date":"2019-10-09T10:11:09","date_gmt":"2019-10-09T08:11:09","guid":{"rendered":"https:\/\/www.radioluna.it\/news\/?p=253860"},"modified":"2019-10-10T09:22:24","modified_gmt":"2019-10-10T07:22:24","slug":"crisi-dimpresa-la-riforma-convegno-dei-commercialisti-di-latina","status":"publish","type":"post","link":"https:\/\/www.radioluna.it\/news\/2019\/10\/crisi-dimpresa-la-riforma-convegno-dei-commercialisti-di-latina\/","title":{"rendered":"Crisi d&#8217;Impresa, la riforma: convegno dei Commercialisti di Latina"},"content":{"rendered":"<div id=\"fb-root\"><\/div>\n<p style=\"text-align: justify;\"><strong>LATINA &#8211; <\/strong>Si terr\u00e0\u00a0 oggi (mercoled\u00ec 9 ottobre) dalle 14,30 alle 18,30 nella\u00a0 sala conferenze della facolt\u00e0 di Economia del Polo Pontino della Sapienza Universit\u00e0 di Roma, il convegno organizzato dall\u2019ordine dei Commercialisti e degli esperti contabili di Latina dal titolo \u201cRiforma crisi d\u2019impresa: nuovi compiti organi di controllo, adeguamenti statutari, raffronto con societ\u00e0 non soggette a controlli e obblighi per queste ultime\u201d.<\/p>\n<p style=\"text-align: justify;\">L\u2019evento, che \u00e8 aperto a tutti e valido per la formazione professionale continua degli iscritti all\u2019ordine di Latina, si aprir\u00e0 con i saluti del presidente dell\u2019Odcec pontino, Efrem Romagnoli, del commissario straordinario della Camera di Commercio di Latina, Mauro Zappia, della coordinatrice della commissione societario Odcec di Latina, Enza Rizioli, del presidente dell\u2019associazione commercialisti formazione e socialit\u00e0 di Latina, Valerio Raffaelli, e vedr\u00e0 la partecipazione come relatore del convegno, di Giancarlo Grossi, commercialista e revisore legale in Pescara.<\/p>\n<p style=\"text-align: justify;\">\u201cQuesto convegno \u2013 dichiara il Presidente dell\u2019Odcec Efrem Romagnoli &#8211; completa l\u2019aggiornamento gi\u00e0 avviato ad inizio anno sulla riforma della crisi d\u2019impresa cos\u00ec fornendo ulteriore utilit\u00e0 soprattutto in vista degli imprescindibili adeguamenti statutari richiesti alle societ\u00e0 non dotate di organo di controllo, nonch\u00e9 per gli ulteriori specifici obblighi posti a carico di collegio sindacale e revisori. \u00c8 in questo quadro di totale gratuit\u00e0 formativa, che gli iscritti all\u2019Albo proseguono nell\u2019aggiornamento professionale realizzato al miglior supporto giuridico operativo alle imprese\u201d.<\/p>\n<p>&nbsp;<\/p>\n","protected":false},"excerpt":{"rendered":"<p>LATINA &#8211; Si terr\u00e0\u00a0 oggi (mercoled\u00ec 9 ottobre) dalle 14,30 alle 18,30 nella\u00a0 sala conferenze della facolt\u00e0 di Economia del Polo Pontino della Sapienza Universit\u00e0 di Roma, il convegno organizzato dall\u2019ordine dei Commercialisti e degli esperti contabili di Latina dal titolo \u201cRiforma crisi d\u2019impresa: nuovi compiti organi di controllo, adeguamenti statutari, raffronto con societ\u00e0 non [&hellip;]<\/p>\n","protected":false},"author":60,"featured_media":247468,"comment_status":"open","ping_status":"open","sticky":false,"template":"","format":"standard","meta":{"footnotes":""},"categories":[735],"tags":[],"class_list":["post-253860","post","type-post","status-publish","format-standard","has-post-thumbnail","hentry","category-attualita"],"_links":{"self":[{"href":"https:\/\/www.radioluna.it\/news\/wp-json\/wp\/v2\/posts\/253860","targetHints":{"allow":["GET"]}}],"collection":[{"href":"https:\/\/www.radioluna.it\/news\/wp-json\/wp\/v2\/posts"}],"about":[{"href":"https:\/\/www.radioluna.it\/news\/wp-json\/wp\/v2\/types\/post"}],"author":[{"embeddable":true,"href":"https:\/\/www.radioluna.it\/news\/wp-json\/wp\/v2\/users\/60"}],"replies":[{"embeddable":true,"href":"https:\/\/www.radioluna.it\/news\/wp-json\/wp\/v2\/comments?post=253860"}],"version-history":[{"count":0,"href":"https:\/\/www.radioluna.it\/news\/wp-json\/wp\/v2\/posts\/253860\/revisions"}],"wp:featuredmedia":[{"embeddable":true,"href":"https:\/\/www.radioluna.it\/news\/wp-json\/wp\/v2\/media\/247468"}],"wp:attachment":[{"href":"https:\/\/www.radioluna.it\/news\/wp-json\/wp\/v2\/media?parent=253860"}],"wp:term":[{"taxonomy":"category","embeddable":true,"href":"https:\/\/www.radioluna.it\/news\/wp-json\/wp\/v2\/categories?post=253860"},{"taxonomy":"post_tag","embeddable":true,"href":"https:\/\/www.radioluna.it\/news\/wp-json\/wp\/v2\/tags?post=253860"}],"curies":[{"name":"wp","href":"https:\/\/api.w.org\/{rel}","templated":true}]}}