{"id":253942,"date":"2019-10-10T11:02:29","date_gmt":"2019-10-10T09:02:29","guid":{"rendered":"https:\/\/www.radioluna.it\/news\/?p=253942"},"modified":"2019-10-11T16:02:03","modified_gmt":"2019-10-11T14:02:03","slug":"la-spalla-a-360-un-ortopedico-di-latina-organizza-un-congresso-sul-tema","status":"publish","type":"post","link":"https:\/\/www.radioluna.it\/news\/2019\/10\/la-spalla-a-360-un-ortopedico-di-latina-organizza-un-congresso-sul-tema\/","title":{"rendered":"La spalla a 360\u00b0, un ortopedico di Latina organizza un congresso sul tema"},"content":{"rendered":"<div id=\"fb-root\"><\/div>\n<p style=\"text-align: justify;\"><strong>LATINA &#8211;<\/strong> E&#8217; anche grazie ad un chirurgo ortopedico di Latina che a partire da domani (11 e 12 ottobre) si terr\u00e0 il Congresso sulle patologie della spalla &#8220;Shoulder 360\u00ba\u201d\u00a0 in programma a Lamezia Terme. Lui \u00e8 Giorgio Ippolito (specializzato presso il Polo Pontino della Sapienza e in servizio all&#8217;Icot di Latina in equipe con il professor Giancarlo De Marinis) si occupa di chirurgia traumatologica, artroscopica e protesica della spalla e presieder\u00e0 l&#8217;evento scientifico organizzato con il collega Sergio Ferraro.<\/p>\n<p style=\"text-align: justify;\">Il Congresso per la prima volta\u00a0 &#8211; spiegano i due in\u00a0 una nota\u00a0 &#8211; riunir\u00e0 i massimi esperti in Italia di chirurgia della spalla per approfondire la conoscenza delle patologie, le modalit\u00e0 di gestione della malattia e i trattamenti chirurgici pi\u00f9 innovativi. Live Surgery, \u201cmini battle\u201d con tavole rotonde interattive e la presentazione delle pi\u00f9 moderne tecniche artroscopiche riempiranno la due giorni dedicata a specializzandi e giovani chirurghi&#8221;.<\/p>\n<p style=\"text-align: justify;\">Previste lectio magistralis di specialisti, accademici e chirurghi di fama nazionale e internazionale. Presidenti onorari sono il Prof. Ernesto Ippolito da Roma e il Prof. Paolo Cherubino da Varese.<\/p>\n<div class=\"radio-posizionamento-telefono-in-articoli-dopo-il-contenuto-articolo radio-entity-placement\" id=\"radio-3124981109\"><div id=\"radio-2035941040\"><a href=\"https:\/\/www.simeoneceramiche.com\/\" aria-label=\"SIMEONE CERAMICHE GIF animata per radioluna_Tavola disegno 1 copia 2 (online-video-cutter.com)\"><img loading=\"lazy\" decoding=\"async\" src=\"https:\/\/www.radioluna.it\/news\/wp-content\/uploads\/2025\/05\/SIMEONE-CERAMICHE-GIF-animata-per-radioluna_Tavola-disegno-1-copia-2-online-video-cutter.com_.gif\" alt=\"\"  width=\"300\" height=\"250\"   \/><\/a><\/div><\/div>","protected":false},"excerpt":{"rendered":"<p>LATINA &#8211; E&#8217; anche grazie ad un chirurgo ortopedico di Latina che a partire da domani (11 e 12 ottobre) si terr\u00e0 il Congresso sulle patologie della spalla &#8220;Shoulder 360\u00ba\u201d\u00a0 in programma a Lamezia Terme. Lui \u00e8 Giorgio Ippolito (specializzato presso il Polo Pontino della Sapienza e in servizio all&#8217;Icot di Latina in equipe con [&hellip;]<\/p>\n","protected":false},"author":62,"featured_media":253944,"comment_status":"open","ping_status":"open","sticky":false,"template":"","format":"standard","meta":{"footnotes":""},"categories":[16],"tags":[],"class_list":["post-253942","post","type-post","status-publish","format-standard","has-post-thumbnail","hentry","category-appuntamenti"],"_links":{"self":[{"href":"https:\/\/www.radioluna.it\/news\/wp-json\/wp\/v2\/posts\/253942","targetHints":{"allow":["GET"]}}],"collection":[{"href":"https:\/\/www.radioluna.it\/news\/wp-json\/wp\/v2\/posts"}],"about":[{"href":"https:\/\/www.radioluna.it\/news\/wp-json\/wp\/v2\/types\/post"}],"author":[{"embeddable":true,"href":"https:\/\/www.radioluna.it\/news\/wp-json\/wp\/v2\/users\/62"}],"replies":[{"embeddable":true,"href":"https:\/\/www.radioluna.it\/news\/wp-json\/wp\/v2\/comments?post=253942"}],"version-history":[{"count":0,"href":"https:\/\/www.radioluna.it\/news\/wp-json\/wp\/v2\/posts\/253942\/revisions"}],"wp:featuredmedia":[{"embeddable":true,"href":"https:\/\/www.radioluna.it\/news\/wp-json\/wp\/v2\/media\/253944"}],"wp:attachment":[{"href":"https:\/\/www.radioluna.it\/news\/wp-json\/wp\/v2\/media?parent=253942"}],"wp:term":[{"taxonomy":"category","embeddable":true,"href":"https:\/\/www.radioluna.it\/news\/wp-json\/wp\/v2\/categories?post=253942"},{"taxonomy":"post_tag","embeddable":true,"href":"https:\/\/www.radioluna.it\/news\/wp-json\/wp\/v2\/tags?post=253942"}],"curies":[{"name":"wp","href":"https:\/\/api.w.org\/{rel}","templated":true}]}}