{"id":254087,"date":"2019-10-12T15:05:54","date_gmt":"2019-10-12T13:05:54","guid":{"rendered":"https:\/\/www.radioluna.it\/news\/?p=254087"},"modified":"2019-10-20T20:11:58","modified_gmt":"2019-10-20T18:11:58","slug":"sparava-contro-i-braccianti-per-farli-lavorare-di-piu-arrestato-a-terracina-un-35enne","status":"publish","type":"post","link":"https:\/\/www.radioluna.it\/news\/2019\/10\/sparava-contro-i-braccianti-per-farli-lavorare-di-piu-arrestato-a-terracina-un-35enne\/","title":{"rendered":"Sparava contro i braccianti per farli lavorare di pi\u00f9: arrestato a Terracina un 35enne"},"content":{"rendered":"<div id=\"fb-root\"><\/div>\n<p><iframe loading=\"lazy\" title=\"LUNANOTIZIE.IT - CAPORALATO A TERRACINA, ARRESTATO UN IMPRENDITORE\" width=\"740\" height=\"416\" src=\"https:\/\/www.youtube.com\/embed\/yNhsEaJCMPI?feature=oembed\" frameborder=\"0\" allow=\"accelerometer; autoplay; clipboard-write; encrypted-media; gyroscope; picture-in-picture; web-share\" referrerpolicy=\"strict-origin-when-cross-origin\" allowfullscreen><\/iframe><\/p>\n<p style=\"text-align: justify;\"><strong>TERRACINA<\/strong> &#8211; Sparava per obbligare i braccianti agricoli a lavorare pi\u00f9 in fretta. E&#8217; stato arrestato dalla polizia con le accuse di sfruttamento del lavoro, minacce aggravate con l\u2019utilizzo di arma da fuoco e lesioni personali, detenzione abusiva di munizionamento e omessa denuncia di materie esplodenti, Alessandro Gargiulo 35 anni, imprenditore agricolo di Terracina che sottoponeva le maestranze di nazionalit\u00e0 indiana a lavorare praticamente da schiavi sotto il controllo di caporali contando sul fatto che non avendo documenti non si sarebbero ribellati. Ma non \u00e8 andata cos\u00ec, alcuni di loro hanno deciso di andarsene scatenando una reazione ancora pi\u00f9 violenta.<\/p>\n<p style=\"text-align: justify;\">L\u2019operazione con la Squadra Volanti, l&#8217;Anticrimine e la Polizia scientifica, \u00e8 scattata proprio dopo la segnalazione di cinque braccianti agricoli, che come altri connazionali venivano spronati ad accelerare i ritmi sotto la minaccia e gli spari di un fucile a pompa. Il culmine, la sera del 10 ottobre dopo l&#8217;ennesimo licenziamento di uno dei suoi operai, l&#8217;uomo si era presentato all\u2019alloggio dei braccianti per dare &#8220;una lezione\u201d\u00a0 e aveva cominciato a sparare contro di loro, per poi puntare l&#8217;arma alla gola di ciascuno. L&#8217;uomo \u00e8 finito in manette.<\/p>\n<p style=\"text-align: justify;\">Denunciati anche alcuni suoi collaboratori che lo avevano aiutato a disfarsi dell\u2019arma al momento del blitz accusati di favoreggiamento personale e porto abusivo di arma, mentre l\u2019arma rinvenuta veniva sottoposta a sequestro.<\/p>\n<p style=\"text-align: justify;\"><strong>L&#8217;INTERVENTO\u00a0 DELLA MINISTRA BELLANOVA &#8211;<\/strong> &#8220;Non ho parole. E vorrei fosse chiaro fino in fondo che una delle ragioni per cui siamo chiamati a stroncare il caporalato \u00e8 la degenerazione di ogni tipo a cui caporali e imprese senza scrupoli si sentono autorizzati. Ancora una volta ripeto: abbiamo un&#8217;ottima legge che va applicata per intero.<\/p>\n<p style=\"text-align: justify;\">Deve essere per\u00f2 altrettanto chiaro: crimini\u00a0 di questa natura\u00a0 non possono e non devono screditare un settore caratterizzato per la maggior parte da imprese sane e rispetto della dignit\u00e0 del lavoro. La legge va applicata fino in fondo anche per questo: difendere l&#8217;impresa sana\u201c. Cos\u00ec la Ministra Teresa Bellanova si \u00e8 espressa sull&#8217;arresto avvenuto nelle scorse ore da parte delle forze di polizia.<\/p>\n<div class=\"radio-posizionamento-telefono-in-articoli-dopo-il-contenuto-articolo radio-entity-placement\" id=\"radio-68361106\"><div id=\"radio-1010640929\"><a href=\"https:\/\/grupporedi.it\/\" aria-label=\"Redi-Qr\"><img loading=\"lazy\" decoding=\"async\" src=\"https:\/\/www.radioluna.it\/news\/wp-content\/uploads\/2026\/03\/Redi-Qr.jpg\" alt=\"\"  srcset=\"https:\/\/www.radioluna.it\/news\/wp-content\/uploads\/2026\/03\/Redi-Qr.jpg 800w, https:\/\/www.radioluna.it\/news\/wp-content\/uploads\/2026\/03\/Redi-Qr-768x639.jpg 768w\" sizes=\"(max-width: 800px) 100vw, 800px\" width=\"300\" height=\"250\"   \/><\/a><\/div><\/div>","protected":false},"excerpt":{"rendered":"<p>TERRACINA &#8211; Sparava per obbligare i braccianti agricoli a lavorare pi\u00f9 in fretta. E&#8217; stato arrestato dalla polizia con le accuse di sfruttamento del lavoro, minacce aggravate con l\u2019utilizzo di arma da fuoco e lesioni personali, detenzione abusiva di munizionamento e omessa denuncia di materie esplodenti, Alessandro Gargiulo 35 anni, imprenditore agricolo di Terracina che [&hellip;]<\/p>\n","protected":false},"author":62,"featured_media":254088,"comment_status":"open","ping_status":"open","sticky":false,"template":"","format":"video","meta":{"footnotes":""},"categories":[7,2312],"tags":[],"class_list":["post-254087","post","type-post","status-publish","format-video","has-post-thumbnail","hentry","category-cronaca","category-video","post_format-post-format-video"],"_links":{"self":[{"href":"https:\/\/www.radioluna.it\/news\/wp-json\/wp\/v2\/posts\/254087","targetHints":{"allow":["GET"]}}],"collection":[{"href":"https:\/\/www.radioluna.it\/news\/wp-json\/wp\/v2\/posts"}],"about":[{"href":"https:\/\/www.radioluna.it\/news\/wp-json\/wp\/v2\/types\/post"}],"author":[{"embeddable":true,"href":"https:\/\/www.radioluna.it\/news\/wp-json\/wp\/v2\/users\/62"}],"replies":[{"embeddable":true,"href":"https:\/\/www.radioluna.it\/news\/wp-json\/wp\/v2\/comments?post=254087"}],"version-history":[{"count":0,"href":"https:\/\/www.radioluna.it\/news\/wp-json\/wp\/v2\/posts\/254087\/revisions"}],"wp:featuredmedia":[{"embeddable":true,"href":"https:\/\/www.radioluna.it\/news\/wp-json\/wp\/v2\/media\/254088"}],"wp:attachment":[{"href":"https:\/\/www.radioluna.it\/news\/wp-json\/wp\/v2\/media?parent=254087"}],"wp:term":[{"taxonomy":"category","embeddable":true,"href":"https:\/\/www.radioluna.it\/news\/wp-json\/wp\/v2\/categories?post=254087"},{"taxonomy":"post_tag","embeddable":true,"href":"https:\/\/www.radioluna.it\/news\/wp-json\/wp\/v2\/tags?post=254087"}],"curies":[{"name":"wp","href":"https:\/\/api.w.org\/{rel}","templated":true}]}}