{"id":254091,"date":"2019-10-14T11:22:19","date_gmt":"2019-10-14T09:22:19","guid":{"rendered":"https:\/\/www.radioluna.it\/news\/?p=254091"},"modified":"2019-10-14T12:20:29","modified_gmt":"2019-10-14T10:20:29","slug":"a-bassiano-il-premio-impresa-italia","status":"publish","type":"post","link":"https:\/\/www.radioluna.it\/news\/2019\/10\/a-bassiano-il-premio-impresa-italia\/","title":{"rendered":"A Bassiano il Premio Impresa Italia"},"content":{"rendered":"<div id=\"fb-root\"><\/div>\n<p style=\"text-align: justify;\"><b>BASSIANO &#8211; <\/b>Il Comune di Bassiano ha ricevuto la prestigiosa onorificenza nella 2\u00b0 edizione del \u201cPremio Impresa Italia\u2013 riconoscimento alle eccellenze italiane\u201d durante la Charity Gala organizzato per la raccolta fondi a favore dell\u2019associazione A.G.O.P. Onlus \u2013 Associazione Genitori Oncologia Pediatrica del Policlinico Gemelli di Roma.<\/p>\n<p style=\"text-align: justify;\">Il Premio assegnato per la capacit\u00e0 del Comune di essere rappresentativo in Italia ed in Europa per le proprie eccellenze, storiche e gastronomiche, \u00e8 una medaglia in madreperla incisa a mano con corallo e argento, un esemplare unico consegnato alla citt\u00e0 lepina gi\u00e0 Bandiera Arancione Touring Club.<\/p>\n<p style=\"text-align: justify;\">In rappresentanza del Comune pontino erano presenti la Vice Sindaco Giovanna Coluzzi e l\u2019Assessore Lorenzo Bernabei: \u201cUn premio prestigioso che fa onore alla nostra piccola comunit\u00e0, un riconoscimento all&#8217; impegno che l&#8217;amministrazione sta mettendo nel promuovere le nostre eccellenze, il nostro patrimonio storico e culturale &#8211; ha commentato\u00a0 Bernabei\u00a0 &#8211; La sinergia tra politica ed uffici sta portando sempre pi\u00f9 risultati tangibili, stiamo sviluppando progetti che porteranno Bassiano ancora pi\u00f9 in alto, sia come qualit\u00e0 di vita dei cittadini, sia per prestigio in italia\u201d.<\/p>\n<p style=\"text-align: justify;\">Il Charity Gala \u00e8 organizzato dalla Baronessa Loredana Dell\u2019Anno, con l\u2019Alto Patrocinio conferito dall\u2019Ordine Cavalleresco dei SS. Cotardo e Giuliano l\u2019Ospitaliere, dall\u2019Accademia Estense, dalla Serenissima Ducale Casa D\u2019Este Orioles e\u00a0 dall\u2019Associazione Cavalieri di San Silvestro.<\/p>\n","protected":false},"excerpt":{"rendered":"<p>BASSIANO &#8211; Il Comune di Bassiano ha ricevuto la prestigiosa onorificenza nella 2\u00b0 edizione del \u201cPremio Impresa Italia\u2013 riconoscimento alle eccellenze italiane\u201d durante la Charity Gala organizzato per la raccolta fondi a favore dell\u2019associazione A.G.O.P. Onlus \u2013 Associazione Genitori Oncologia Pediatrica del Policlinico Gemelli di Roma. Il Premio assegnato per la capacit\u00e0 del Comune di [&hellip;]<\/p>\n","protected":false},"author":62,"featured_media":254187,"comment_status":"open","ping_status":"open","sticky":false,"template":"","format":"standard","meta":{"footnotes":""},"categories":[735],"tags":[],"class_list":["post-254091","post","type-post","status-publish","format-standard","has-post-thumbnail","hentry","category-attualita"],"_links":{"self":[{"href":"https:\/\/www.radioluna.it\/news\/wp-json\/wp\/v2\/posts\/254091","targetHints":{"allow":["GET"]}}],"collection":[{"href":"https:\/\/www.radioluna.it\/news\/wp-json\/wp\/v2\/posts"}],"about":[{"href":"https:\/\/www.radioluna.it\/news\/wp-json\/wp\/v2\/types\/post"}],"author":[{"embeddable":true,"href":"https:\/\/www.radioluna.it\/news\/wp-json\/wp\/v2\/users\/62"}],"replies":[{"embeddable":true,"href":"https:\/\/www.radioluna.it\/news\/wp-json\/wp\/v2\/comments?post=254091"}],"version-history":[{"count":0,"href":"https:\/\/www.radioluna.it\/news\/wp-json\/wp\/v2\/posts\/254091\/revisions"}],"wp:featuredmedia":[{"embeddable":true,"href":"https:\/\/www.radioluna.it\/news\/wp-json\/wp\/v2\/media\/254187"}],"wp:attachment":[{"href":"https:\/\/www.radioluna.it\/news\/wp-json\/wp\/v2\/media?parent=254091"}],"wp:term":[{"taxonomy":"category","embeddable":true,"href":"https:\/\/www.radioluna.it\/news\/wp-json\/wp\/v2\/categories?post=254091"},{"taxonomy":"post_tag","embeddable":true,"href":"https:\/\/www.radioluna.it\/news\/wp-json\/wp\/v2\/tags?post=254091"}],"curies":[{"name":"wp","href":"https:\/\/api.w.org\/{rel}","templated":true}]}}