{"id":254113,"date":"2019-10-12T20:21:19","date_gmt":"2019-10-12T18:21:19","guid":{"rendered":"https:\/\/www.radioluna.it\/news\/?p=254113"},"modified":"2019-10-14T12:06:54","modified_gmt":"2019-10-14T10:06:54","slug":"latina-la-festa-degli-alpini-e-qui","status":"publish","type":"post","link":"https:\/\/www.radioluna.it\/news\/2019\/10\/latina-la-festa-degli-alpini-e-qui\/","title":{"rendered":"Latina, la Festa degli Alpini \u00e8 qui"},"content":{"rendered":"<div id=\"fb-root\"><\/div>\n<p style=\"text-align: justify;\"><strong>LATINA &#8211;<\/strong> Prima giornata di festa quella di oggi per il decennale del Raduno degli Alpini a Latina. C\u2019\u00e8 stato anche un siparietto con i vigili urbani sul percorso da seguire che, per questioni di viabilit\u00e0 e di sicurezza, \u00e8 preordinato e non pu\u00f2 essere modificato. In chiusura di serata intrattenimento e applausi in piazza del Popolo con la sfilata delle Fanfare e i cori che hanno intrattenuto i cittadini in un clima di festa che ha rievocato la tre giorni del 2009.<\/p>\n<p style=\"text-align: justify;\">Domenica si prosegue: la giornata prender\u00e0 il via in Parco Falcone e Borsellino con l&#8217;Alzabandiera e si chiuder\u00e0 con l&#8217;inaugurazione del Monumento all\u2019Alpino posto tra C.so della Repubblica e viale Umberto I realizzata dalla scultrice macedone Natasha Bozharova.<\/p>\n<p style=\"text-align: justify;\"><strong>IL PROGRAMMA &#8211;\u00a0 <\/strong><strong style=\"text-align: justify;\">ORE 18.30-20.00 PIAZZA DEL POPOLO<\/strong><span style=\"text-align: justify;\"> Concerto finale di tutte le Fanfare Alpine. Ore 21.00-23.00 CIRCOLO CITTADINO \u201cSante Palumbo\u201d Manifestazione:\u201cL\u2019Adunata degli Alpini mi \u00e8 rimasta nel cuore\u201d. Testimonianze,riconoscimenti, premiazione concorso nelle scuole,video documentario dell\u2019Adunata Nazionale degli Alpini del 2009 ,il ricordo del Sergente Maggiore Massimiliano Ramad\u00f9, alpino caduto in Afghanistan. Rassegna Cori Alpini.\u00a0<\/span><\/p>\n<p style=\"text-align: justify;\"><strong>DOMENICA 13 OTTOBRE 2019 ORE 09,30 PARCO COMUNALE \u201cFalcone Borsellino\u201d<\/strong> Deposizione Corona al Monumento ai Caduti, alla presenza di Autorit\u00e0 Civili e Militari,Associazioni Combattentistiche e D\u2019Arma ORE 10.00 CIRCOLO CITTADINO \u201cSante Palumbo\u201d Celebrazione della Santa Messa animata da Cori Alpini.. ORE 11,00 CORSO DELLA REPUBBLICA Ammassamento dei partecipanti per la sfilata. ORE 11,30 CORSO DELLA REPUBBLICA Scoprimento della targa in memoria del Sergente Maggiore Massimiliano Ramad\u00f9. Inaugurazione del Monumento all\u2019Alpino (Slargo tra C.so della Repubblica e V.le Umberto I). Allocuzioni delle Autorit\u00e0. A seguire breve Concerto Bandistico.<\/p>\n","protected":false},"excerpt":{"rendered":"<p>LATINA &#8211; Prima giornata di festa quella di oggi per il decennale del Raduno degli Alpini a Latina. C\u2019\u00e8 stato anche un siparietto con i vigili urbani sul percorso da seguire che, per questioni di viabilit\u00e0 e di sicurezza, \u00e8 preordinato e non pu\u00f2 essere modificato. In chiusura di serata intrattenimento e applausi in piazza [&hellip;]<\/p>\n","protected":false},"author":60,"featured_media":254114,"comment_status":"open","ping_status":"open","sticky":false,"template":"","format":"standard","meta":{"footnotes":""},"categories":[735,2311],"tags":[],"class_list":["post-254113","post","type-post","status-publish","format-standard","has-post-thumbnail","hentry","category-attualita","category-foto"],"_links":{"self":[{"href":"https:\/\/www.radioluna.it\/news\/wp-json\/wp\/v2\/posts\/254113","targetHints":{"allow":["GET"]}}],"collection":[{"href":"https:\/\/www.radioluna.it\/news\/wp-json\/wp\/v2\/posts"}],"about":[{"href":"https:\/\/www.radioluna.it\/news\/wp-json\/wp\/v2\/types\/post"}],"author":[{"embeddable":true,"href":"https:\/\/www.radioluna.it\/news\/wp-json\/wp\/v2\/users\/60"}],"replies":[{"embeddable":true,"href":"https:\/\/www.radioluna.it\/news\/wp-json\/wp\/v2\/comments?post=254113"}],"version-history":[{"count":0,"href":"https:\/\/www.radioluna.it\/news\/wp-json\/wp\/v2\/posts\/254113\/revisions"}],"wp:featuredmedia":[{"embeddable":true,"href":"https:\/\/www.radioluna.it\/news\/wp-json\/wp\/v2\/media\/254114"}],"wp:attachment":[{"href":"https:\/\/www.radioluna.it\/news\/wp-json\/wp\/v2\/media?parent=254113"}],"wp:term":[{"taxonomy":"category","embeddable":true,"href":"https:\/\/www.radioluna.it\/news\/wp-json\/wp\/v2\/categories?post=254113"},{"taxonomy":"post_tag","embeddable":true,"href":"https:\/\/www.radioluna.it\/news\/wp-json\/wp\/v2\/tags?post=254113"}],"curies":[{"name":"wp","href":"https:\/\/api.w.org\/{rel}","templated":true}]}}