{"id":254166,"date":"2019-10-14T09:18:36","date_gmt":"2019-10-14T07:18:36","guid":{"rendered":"https:\/\/www.radioluna.it\/news\/?p=254166"},"modified":"2019-10-14T09:18:36","modified_gmt":"2019-10-14T07:18:36","slug":"latina-43-in-italia-per-reati-calano-del-27-ma-siamo-ancora-lontani-dalle-citta-virtuose","status":"publish","type":"post","link":"https:\/\/www.radioluna.it\/news\/2019\/10\/latina-43-in-italia-per-reati-calano-del-27-ma-siamo-ancora-lontani-dalle-citta-virtuose\/","title":{"rendered":"Latina 43\u00b0 in Italia per reati: calano del 2,7% ma siamo ancora lontani dalle citt\u00e0 virtuose"},"content":{"rendered":"<div id=\"fb-root\"><\/div>\n<p style=\"text-align: justify;\"><strong>LATINA &#8211;<\/strong> Latina \u00e8 43 esima in Italia per numero di reati denunciati. A scattare la fotografia \u00e8 ancora una volta la classifica del Sole 24 Ore che analizza la situazione nelle 107 province del nostro Paese, pubblicata oggi sul quotidiano economico e che confluir\u00e0 nell\u2019indagine generale sulla Qualit\u00e0 della vita.<\/p>\n<p style=\"text-align: justify;\">Ogni giorno in Italia vengono denunciati circa 6.500 reati, con un calo su base annuale del 2,4%. Nella nostra provincia il calo \u00e8 stato del 2,7% lievemente pi\u00f9 marcato, ma Latina resta dunque nella met\u00e0 alta della classifica a differenza di altri capoluoghi dove la vita \u00e8 decisamente pi\u00f9 tranquilla.<\/p>\n<p style=\"text-align: justify;\">Facendo riferimento ad alcuni degli indicatori specifici riportati, la provincia di Latina si attesta al 65\u00b0 posto per omicidi volontari consumati, 47\u00b0 posto per infanticidi, 27\u00b0 per tentati omicidi, 20\u00b0 furti di auto e 25\u00b0 violenze sessuali. Dati pesanti.<\/p>\n<div class=\"radio-posizionamento-telefono-in-articoli-dopo-il-contenuto-articolo radio-entity-placement\" id=\"radio-2384124939\"><div id=\"radio-2756025129\"><a href=\"https:\/\/www.simeoneceramiche.com\/\" aria-label=\"SIMEONE CERAMICHE GIF animata per radioluna_Tavola disegno 1 copia 2 (online-video-cutter.com)\"><img loading=\"lazy\" decoding=\"async\" src=\"https:\/\/www.radioluna.it\/news\/wp-content\/uploads\/2025\/05\/SIMEONE-CERAMICHE-GIF-animata-per-radioluna_Tavola-disegno-1-copia-2-online-video-cutter.com_.gif\" alt=\"\"  width=\"300\" height=\"250\"   \/><\/a><\/div><\/div>","protected":false},"excerpt":{"rendered":"<p>LATINA &#8211; Latina \u00e8 43 esima in Italia per numero di reati denunciati. A scattare la fotografia \u00e8 ancora una volta la classifica del Sole 24 Ore che analizza la situazione nelle 107 province del nostro Paese, pubblicata oggi sul quotidiano economico e che confluir\u00e0 nell\u2019indagine generale sulla Qualit\u00e0 della vita. Ogni giorno in Italia [&hellip;]<\/p>\n","protected":false},"author":62,"featured_media":254167,"comment_status":"open","ping_status":"open","sticky":false,"template":"","format":"standard","meta":{"footnotes":""},"categories":[7],"tags":[],"class_list":["post-254166","post","type-post","status-publish","format-standard","has-post-thumbnail","hentry","category-cronaca"],"_links":{"self":[{"href":"https:\/\/www.radioluna.it\/news\/wp-json\/wp\/v2\/posts\/254166","targetHints":{"allow":["GET"]}}],"collection":[{"href":"https:\/\/www.radioluna.it\/news\/wp-json\/wp\/v2\/posts"}],"about":[{"href":"https:\/\/www.radioluna.it\/news\/wp-json\/wp\/v2\/types\/post"}],"author":[{"embeddable":true,"href":"https:\/\/www.radioluna.it\/news\/wp-json\/wp\/v2\/users\/62"}],"replies":[{"embeddable":true,"href":"https:\/\/www.radioluna.it\/news\/wp-json\/wp\/v2\/comments?post=254166"}],"version-history":[{"count":0,"href":"https:\/\/www.radioluna.it\/news\/wp-json\/wp\/v2\/posts\/254166\/revisions"}],"wp:featuredmedia":[{"embeddable":true,"href":"https:\/\/www.radioluna.it\/news\/wp-json\/wp\/v2\/media\/254167"}],"wp:attachment":[{"href":"https:\/\/www.radioluna.it\/news\/wp-json\/wp\/v2\/media?parent=254166"}],"wp:term":[{"taxonomy":"category","embeddable":true,"href":"https:\/\/www.radioluna.it\/news\/wp-json\/wp\/v2\/categories?post=254166"},{"taxonomy":"post_tag","embeddable":true,"href":"https:\/\/www.radioluna.it\/news\/wp-json\/wp\/v2\/tags?post=254166"}],"curies":[{"name":"wp","href":"https:\/\/api.w.org\/{rel}","templated":true}]}}