{"id":254271,"date":"2019-10-15T11:05:04","date_gmt":"2019-10-15T09:05:04","guid":{"rendered":"https:\/\/www.radioluna.it\/news\/?p=254271"},"modified":"2019-10-15T11:05:04","modified_gmt":"2019-10-15T09:05:04","slug":"centri-anziani-pubblicato-il-bando-della-regione-lazio","status":"publish","type":"post","link":"https:\/\/www.radioluna.it\/news\/2019\/10\/centri-anziani-pubblicato-il-bando-della-regione-lazio\/","title":{"rendered":"Centri anziani, pubblicato il bando della Regione Lazio"},"content":{"rendered":"<div id=\"fb-root\"><\/div>\n<p style=\"text-align: justify;\"><strong>LAZIO &#8211;\u00a0<\/strong>La Regione Lazio ha pubblicato il nuovo avviso pubblico &#8220;Progetto Te &#8211; Lazio per la terza et\u00e0&#8221;, che stanzia 1,9 milioni di euro in favore dei centri anziani. \u201cQueste strutture \u2013 dichiara l\u2019assessore alle Politiche sociali, Welfare ed Enti locali, Alessandra Troncarelli \u2013 sono luoghi di socializzazione e incontro dove non solo relazionarsi con gli altri, ma anche svolgere attivit\u00e0 che favoriscano il benessere psico-fisico e conoscere i servizi socio-sanitari disponibili sul territorio. Far crescere simili realt\u00e0 significa, pertanto, migliorare la qualit\u00e0 della vita nelle nostre comunit\u00e0\u201d.<\/p>\n<p style=\"text-align: justify;\">Come per l\u2019edizione del 2018, il finanziamento, al fine di favorire la pi\u00f9 ampia adesione, prevede la possibilit\u00e0 di partecipare anche per tutti i Comuni in cui non esistono ancora centri anziani, ma che abbiano avviato le procedure per istituirli. Tra le tematiche su cui il bando punta sono ricompresi: l\u2019incontro intergenerazionale con le scuole o altri soggetti attivi sul territorio; il contrasto dei fattori causa di emarginazione e isolamenti; la promozione dell\u2019autosufficienza, anche attraverso attivit\u00e0 ludico-motorie; l\u2019apprendimento dell\u2019uso di tecnologie informatiche; la diffusione dei servizi socio-assistenziali e sanitari disponibili; la prevenzione e la tutela della salute, in collaborazione con le Asl; attivit\u00e0 ricreative e culturali.<\/p>\n<p style=\"text-align: justify;\">\u201cQuesto progetto \u2013 conclude l\u2019assessore Troncarelli \u2013 rientra nelle iniziative che la Regione Lazio sta mettendo in campo per promuovere l&#8217;invecchiamento attivo e la crescita del ruolo della terza et\u00e0 nella societ\u00e0. Sono profondamente convinta che gli anziani siano la memoria e la storia di una comunit\u00e0. Le istituzioni hanno il dovere di prendersene cura e su questa strada continueremo a impegnarci\u201d.<\/p>\n<p style=\"text-align: justify;\">\u00c8 possibile presentare\u00a0 domanda entro il 4 novembre alle 12. L\u2019avviso \u00e8 pubblicato sul Bur disponibile sul sito\u00a0www.regione.lazio.it.<\/p>\n","protected":false},"excerpt":{"rendered":"<p>LAZIO &#8211;\u00a0La Regione Lazio ha pubblicato il nuovo avviso pubblico &#8220;Progetto Te &#8211; Lazio per la terza et\u00e0&#8221;, che stanzia 1,9 milioni di euro in favore dei centri anziani. \u201cQueste strutture \u2013 dichiara l\u2019assessore alle Politiche sociali, Welfare ed Enti locali, Alessandra Troncarelli \u2013 sono luoghi di socializzazione e incontro dove non solo relazionarsi con [&hellip;]<\/p>\n","protected":false},"author":60,"featured_media":235003,"comment_status":"open","ping_status":"open","sticky":false,"template":"","format":"standard","meta":{"footnotes":""},"categories":[735],"tags":[],"class_list":["post-254271","post","type-post","status-publish","format-standard","has-post-thumbnail","hentry","category-attualita"],"_links":{"self":[{"href":"https:\/\/www.radioluna.it\/news\/wp-json\/wp\/v2\/posts\/254271","targetHints":{"allow":["GET"]}}],"collection":[{"href":"https:\/\/www.radioluna.it\/news\/wp-json\/wp\/v2\/posts"}],"about":[{"href":"https:\/\/www.radioluna.it\/news\/wp-json\/wp\/v2\/types\/post"}],"author":[{"embeddable":true,"href":"https:\/\/www.radioluna.it\/news\/wp-json\/wp\/v2\/users\/60"}],"replies":[{"embeddable":true,"href":"https:\/\/www.radioluna.it\/news\/wp-json\/wp\/v2\/comments?post=254271"}],"version-history":[{"count":0,"href":"https:\/\/www.radioluna.it\/news\/wp-json\/wp\/v2\/posts\/254271\/revisions"}],"wp:featuredmedia":[{"embeddable":true,"href":"https:\/\/www.radioluna.it\/news\/wp-json\/wp\/v2\/media\/235003"}],"wp:attachment":[{"href":"https:\/\/www.radioluna.it\/news\/wp-json\/wp\/v2\/media?parent=254271"}],"wp:term":[{"taxonomy":"category","embeddable":true,"href":"https:\/\/www.radioluna.it\/news\/wp-json\/wp\/v2\/categories?post=254271"},{"taxonomy":"post_tag","embeddable":true,"href":"https:\/\/www.radioluna.it\/news\/wp-json\/wp\/v2\/tags?post=254271"}],"curies":[{"name":"wp","href":"https:\/\/api.w.org\/{rel}","templated":true}]}}