{"id":254283,"date":"2019-10-15T14:02:33","date_gmt":"2019-10-15T12:02:33","guid":{"rendered":"https:\/\/www.radioluna.it\/news\/?p=254283"},"modified":"2019-10-15T14:02:33","modified_gmt":"2019-10-15T12:02:33","slug":"sabaudia-le-rotatorie-sulla-pontina-saranno-curate-da-aziende-locali","status":"publish","type":"post","link":"https:\/\/www.radioluna.it\/news\/2019\/10\/sabaudia-le-rotatorie-sulla-pontina-saranno-curate-da-aziende-locali\/","title":{"rendered":"Sabaudia, le rotatorie sulla Pontina saranno curate da aziende locali"},"content":{"rendered":"<div id=\"fb-root\"><\/div>\n<p><em>(foto Google Maps\u00a0 &#8211; Dati cartografici 2019)<\/em><\/p>\n<p style=\"text-align: justify;\"><strong>SABAUDIA &#8211;\u00a0<\/strong> Le rotatorie che si trovano sul tratto di Sabaudia della SS 148 Pontina saranno per i prossimi cinque anni curate da aziende locali. E&#8217; il frutto di un accordo tra il Comune e l&#8217;Anas proprietario dell&#8217;infrastruttura, che ha approvato le sponsorizzazioni consentendo che la manutenzione ordinaria del verde venga svolta da privati. Il tratto interessato \u00e8 quello compreso tra il chilometro 81+500 il chilometro 95+470.<\/p>\n<p style=\"text-align: justify;\">L&#8217;accordo giunge dopo che nei mesi scorsi, il Settore Qualit\u00e0 Urbana ha emesso un avviso pubblico specifico e ha ricevuto l&#8217;interesse di alcune aziende private di Sabaudia interessate a &#8220;barattare&#8221; la cura del verde, con uno spazio di promozione della propria attivit\u00e0, che potr\u00e0 essere pubblicizzata con cartelloni &#8220;posti nelle immediate vicinanze delle rotonde secondo le disposizioni di legge e del Codice della Strada&#8221;.<\/p>\n<p style=\"text-align: justify;\">&#8220;Concertate con Anas tutte le indicazioni e le modalit\u00e0 operative, ora il Comune dovr\u00e0 recepire dai proponenti i progetti di gestione e manutenzione delle aree e procedere con l\u2019affidamento temporaneo, che avr\u00e0 durata di 5 anni&#8221;, spiegano dal Comune.<\/p>\n<p style=\"text-align: justify;\">\u201cPer Sabaudia questa occasione rappresenta un momento importante dal quale partire per valorizzare i vari ingressi alla citt\u00e0 siti sulla SS 148-Pontina; in pi\u00f9 Sabaudia potr\u00e0 contare su una cartellonistica nuova e promozionale delle bellezze di questi luoghi \u2013 commenta soddisfatto l\u2019assessore alle Attivit\u00e0 Produttive Emanuela Palmisani \u2013 \u00a0Pertanto, ringrazio Anas per la sensibilit\u00e0 dimostrata e l\u2019opportunit\u00e0 offerta alla nostra Amministrazione ma in particolar modo ringrazio tutte le aziende che hanno aderito dimostrando di tenere a questo territorio, dando prova al contempo dell\u2019importanza di fare squadra per il bene della collettivit\u00e0\u201d.<\/p>\n<p>&nbsp;<\/p>\n<div class=\"radio-posizionamento-telefono-in-articoli-dopo-il-contenuto-articolo radio-entity-placement\" id=\"radio-326832842\"><div id=\"radio-1869320338\"><a href=\"https:\/\/www.simeoneceramiche.com\/\" aria-label=\"SIMEONE CERAMICHE GIF animata per radioluna_Tavola disegno 1 copia 2 (online-video-cutter.com)\"><img loading=\"lazy\" decoding=\"async\" src=\"https:\/\/www.radioluna.it\/news\/wp-content\/uploads\/2025\/05\/SIMEONE-CERAMICHE-GIF-animata-per-radioluna_Tavola-disegno-1-copia-2-online-video-cutter.com_.gif\" alt=\"\"  width=\"300\" height=\"250\"   \/><\/a><\/div><\/div>","protected":false},"excerpt":{"rendered":"<p>(foto Google Maps\u00a0 &#8211; Dati cartografici 2019) SABAUDIA &#8211;\u00a0 Le rotatorie che si trovano sul tratto di Sabaudia della SS 148 Pontina saranno per i prossimi cinque anni curate da aziende locali. E&#8217; il frutto di un accordo tra il Comune e l&#8217;Anas proprietario dell&#8217;infrastruttura, che ha approvato le sponsorizzazioni consentendo che la manutenzione ordinaria [&hellip;]<\/p>\n","protected":false},"author":62,"featured_media":254284,"comment_status":"open","ping_status":"open","sticky":false,"template":"","format":"standard","meta":{"footnotes":""},"categories":[7],"tags":[],"class_list":["post-254283","post","type-post","status-publish","format-standard","has-post-thumbnail","hentry","category-cronaca"],"_links":{"self":[{"href":"https:\/\/www.radioluna.it\/news\/wp-json\/wp\/v2\/posts\/254283","targetHints":{"allow":["GET"]}}],"collection":[{"href":"https:\/\/www.radioluna.it\/news\/wp-json\/wp\/v2\/posts"}],"about":[{"href":"https:\/\/www.radioluna.it\/news\/wp-json\/wp\/v2\/types\/post"}],"author":[{"embeddable":true,"href":"https:\/\/www.radioluna.it\/news\/wp-json\/wp\/v2\/users\/62"}],"replies":[{"embeddable":true,"href":"https:\/\/www.radioluna.it\/news\/wp-json\/wp\/v2\/comments?post=254283"}],"version-history":[{"count":0,"href":"https:\/\/www.radioluna.it\/news\/wp-json\/wp\/v2\/posts\/254283\/revisions"}],"wp:featuredmedia":[{"embeddable":true,"href":"https:\/\/www.radioluna.it\/news\/wp-json\/wp\/v2\/media\/254284"}],"wp:attachment":[{"href":"https:\/\/www.radioluna.it\/news\/wp-json\/wp\/v2\/media?parent=254283"}],"wp:term":[{"taxonomy":"category","embeddable":true,"href":"https:\/\/www.radioluna.it\/news\/wp-json\/wp\/v2\/categories?post=254283"},{"taxonomy":"post_tag","embeddable":true,"href":"https:\/\/www.radioluna.it\/news\/wp-json\/wp\/v2\/tags?post=254283"}],"curies":[{"name":"wp","href":"https:\/\/api.w.org\/{rel}","templated":true}]}}