{"id":254286,"date":"2019-10-15T14:56:00","date_gmt":"2019-10-15T12:56:00","guid":{"rendered":"https:\/\/www.radioluna.it\/news\/?p=254286"},"modified":"2019-10-15T19:00:24","modified_gmt":"2019-10-15T17:00:24","slug":"accoltellato-ad-aprilia-grave-un-giovane-i-carabinieri-cercano-laggressore","status":"publish","type":"post","link":"https:\/\/www.radioluna.it\/news\/2019\/10\/accoltellato-ad-aprilia-grave-un-giovane-i-carabinieri-cercano-laggressore\/","title":{"rendered":"Giovane di Aprilia accoltellato all&#8217;addome, l&#8217;aggressore si presenta ai carabinieri"},"content":{"rendered":"<div id=\"fb-root\"><\/div>\n<p style=\"text-align: justify;\"><strong>APRILIA<\/strong> &#8211; Una lite violenta poi il fendente e un giovane che si accascia a terra. E&#8217; la scena che si \u00e8 verificata poco dopo mezzogiorno ad Aprilia nei pressi del Giardino pubblico intitolato all&#8217;ex sindaco Luigi Meddi. Sono stati alcuni testimoni, accorgendosi dell&#8217;accaduto, a chiamare i soccorsi. Sul posto, con i carabinieri del Reparto Territoriale \u00e8 arrivata un&#8217;ambulanza del 118 che ha trasferito il ferito nella Clinica Citt\u00e0 di Aprilia dove le sue condizioni, apparse in un primo momento gravi, nel pomeriggio sono andate migliorando.<\/p>\n<p style=\"text-align: justify;\">Intorno alle 17, la svolta nelle indagini. Mentre i carabinieri stringevano il cerchio intorno all&#8217;aggressore, un 28 enne di Aprilia A.P. le iniziali, gi\u00e0 noto alle forze dell&#8217;ordine, si \u00e8 presentato spontaneamente in caserma dove ha raccontato la sua versione dei fatti. Il ragazzo \u00e8 stato denunciato con l&#8217;accusa di lesioni gravi.<\/p>\n<div class=\"radio-posizionamento-telefono-in-articoli-dopo-il-contenuto-articolo radio-entity-placement\" id=\"radio-1998618490\"><div id=\"radio-357466330\"><a href=\"https:\/\/grupporedi.it\/\" aria-label=\"Redi-Qr\"><img loading=\"lazy\" decoding=\"async\" src=\"https:\/\/www.radioluna.it\/news\/wp-content\/uploads\/2026\/03\/Redi-Qr.jpg\" alt=\"\"  srcset=\"https:\/\/www.radioluna.it\/news\/wp-content\/uploads\/2026\/03\/Redi-Qr.jpg 800w, https:\/\/www.radioluna.it\/news\/wp-content\/uploads\/2026\/03\/Redi-Qr-768x639.jpg 768w\" sizes=\"(max-width: 800px) 100vw, 800px\" width=\"300\" height=\"250\"   \/><\/a><\/div><\/div>","protected":false},"excerpt":{"rendered":"<p>APRILIA &#8211; Una lite violenta poi il fendente e un giovane che si accascia a terra. E&#8217; la scena che si \u00e8 verificata poco dopo mezzogiorno ad Aprilia nei pressi del Giardino pubblico intitolato all&#8217;ex sindaco Luigi Meddi. Sono stati alcuni testimoni, accorgendosi dell&#8217;accaduto, a chiamare i soccorsi. Sul posto, con i carabinieri del Reparto [&hellip;]<\/p>\n","protected":false},"author":62,"featured_media":254287,"comment_status":"open","ping_status":"open","sticky":false,"template":"","format":"standard","meta":{"footnotes":""},"categories":[7],"tags":[],"class_list":["post-254286","post","type-post","status-publish","format-standard","has-post-thumbnail","hentry","category-cronaca"],"_links":{"self":[{"href":"https:\/\/www.radioluna.it\/news\/wp-json\/wp\/v2\/posts\/254286","targetHints":{"allow":["GET"]}}],"collection":[{"href":"https:\/\/www.radioluna.it\/news\/wp-json\/wp\/v2\/posts"}],"about":[{"href":"https:\/\/www.radioluna.it\/news\/wp-json\/wp\/v2\/types\/post"}],"author":[{"embeddable":true,"href":"https:\/\/www.radioluna.it\/news\/wp-json\/wp\/v2\/users\/62"}],"replies":[{"embeddable":true,"href":"https:\/\/www.radioluna.it\/news\/wp-json\/wp\/v2\/comments?post=254286"}],"version-history":[{"count":0,"href":"https:\/\/www.radioluna.it\/news\/wp-json\/wp\/v2\/posts\/254286\/revisions"}],"wp:featuredmedia":[{"embeddable":true,"href":"https:\/\/www.radioluna.it\/news\/wp-json\/wp\/v2\/media\/254287"}],"wp:attachment":[{"href":"https:\/\/www.radioluna.it\/news\/wp-json\/wp\/v2\/media?parent=254286"}],"wp:term":[{"taxonomy":"category","embeddable":true,"href":"https:\/\/www.radioluna.it\/news\/wp-json\/wp\/v2\/categories?post=254286"},{"taxonomy":"post_tag","embeddable":true,"href":"https:\/\/www.radioluna.it\/news\/wp-json\/wp\/v2\/tags?post=254286"}],"curies":[{"name":"wp","href":"https:\/\/api.w.org\/{rel}","templated":true}]}}