{"id":254289,"date":"2019-10-15T15:08:23","date_gmt":"2019-10-15T13:08:23","guid":{"rendered":"https:\/\/www.radioluna.it\/news\/?p=254289"},"modified":"2019-10-16T08:57:33","modified_gmt":"2019-10-16T06:57:33","slug":"il-comune-di-sermoneta-consegna-una-targa-di-ringraziamento-a-tre-dipendenti-che-vanno-in-pensione","status":"publish","type":"post","link":"https:\/\/www.radioluna.it\/news\/2019\/10\/il-comune-di-sermoneta-consegna-una-targa-di-ringraziamento-a-tre-dipendenti-che-vanno-in-pensione\/","title":{"rendered":"Il Comune di Sermoneta consegna una targa di ringraziamento a tre dipendenti che vanno in pensione"},"content":{"rendered":"<div id=\"fb-root\"><\/div>\n<p style=\"text-align: justify;\"><strong>SERMONETA &#8211;<\/strong> Non \u00a0usa praticamente pi\u00f9, ma per fortuna in alcuni luoghi di lavoro accade ancora: salutare con l\u2019affetto e il rispetto dovuti, chi ha fatto bene il proprio lavoro contribuendo alla vita della comunit\u00e0. Se \u00e8 poi un Comune a farlo, allora il gesto \u00e8 ancora pi\u00f9 apprezzabile vista la burocratizzazione esistente. Ed \u00e8 esattamente quanto ha fatto oggi Sermoneta dove la sindaca Giuseppina Giovannoli ha salutato tre dipendenti comunali che hanno maturato la pensione, consegnando una targa di ringraziamento \u201cper l\u2019impegno umano e professionale profuso in questi lunghi anni trascorsi al servizio della comunit\u00e0\u201d.<\/p>\n<p style=\"text-align: justify;\">\u201cIl Comune non \u00e8 fatto solo di burocrazia e di atti, ma soprattutto di persone\u201d, ha sottolineato la prima cittadina. A riposo sono andati Loreto Cucchi archivista e addetto dell\u2019ufficio tributi; il messo notificatore Angelo Coluzzi e l\u2019ufficiale di anagrafe Marco Cavinato, gli ultimi due ex autisti di scuolabus che hanno accompagnato a scuola due generazioni di sermonetani.<\/p>\n<p style=\"text-align: justify;\">Il presidente del consiglio comunale Antonio Di Lenola, portando i saluti anche dei consiglieri assenti, ha voluto sottolineare come queste cerimonie non abbiano colore politico, riconoscendo il grande lavoro svolto da tutti i dipendenti comunali a servizio della comunit\u00e0.<\/p>\n<p>&nbsp;<\/p>\n","protected":false},"excerpt":{"rendered":"<p>SERMONETA &#8211; Non \u00a0usa praticamente pi\u00f9, ma per fortuna in alcuni luoghi di lavoro accade ancora: salutare con l\u2019affetto e il rispetto dovuti, chi ha fatto bene il proprio lavoro contribuendo alla vita della comunit\u00e0. Se \u00e8 poi un Comune a farlo, allora il gesto \u00e8 ancora pi\u00f9 apprezzabile vista la burocratizzazione esistente. Ed \u00e8 [&hellip;]<\/p>\n","protected":false},"author":62,"featured_media":254290,"comment_status":"open","ping_status":"open","sticky":false,"template":"","format":"standard","meta":{"footnotes":""},"categories":[735],"tags":[],"class_list":["post-254289","post","type-post","status-publish","format-standard","has-post-thumbnail","hentry","category-attualita"],"_links":{"self":[{"href":"https:\/\/www.radioluna.it\/news\/wp-json\/wp\/v2\/posts\/254289","targetHints":{"allow":["GET"]}}],"collection":[{"href":"https:\/\/www.radioluna.it\/news\/wp-json\/wp\/v2\/posts"}],"about":[{"href":"https:\/\/www.radioluna.it\/news\/wp-json\/wp\/v2\/types\/post"}],"author":[{"embeddable":true,"href":"https:\/\/www.radioluna.it\/news\/wp-json\/wp\/v2\/users\/62"}],"replies":[{"embeddable":true,"href":"https:\/\/www.radioluna.it\/news\/wp-json\/wp\/v2\/comments?post=254289"}],"version-history":[{"count":0,"href":"https:\/\/www.radioluna.it\/news\/wp-json\/wp\/v2\/posts\/254289\/revisions"}],"wp:featuredmedia":[{"embeddable":true,"href":"https:\/\/www.radioluna.it\/news\/wp-json\/wp\/v2\/media\/254290"}],"wp:attachment":[{"href":"https:\/\/www.radioluna.it\/news\/wp-json\/wp\/v2\/media?parent=254289"}],"wp:term":[{"taxonomy":"category","embeddable":true,"href":"https:\/\/www.radioluna.it\/news\/wp-json\/wp\/v2\/categories?post=254289"},{"taxonomy":"post_tag","embeddable":true,"href":"https:\/\/www.radioluna.it\/news\/wp-json\/wp\/v2\/tags?post=254289"}],"curies":[{"name":"wp","href":"https:\/\/api.w.org\/{rel}","templated":true}]}}