{"id":254294,"date":"2019-10-15T15:56:43","date_gmt":"2019-10-15T13:56:43","guid":{"rendered":"https:\/\/www.radioluna.it\/news\/?p=254294"},"modified":"2019-10-16T09:00:37","modified_gmt":"2019-10-16T07:00:37","slug":"la-figc-da-lok-lo-sporting-latina-women-giochera-il-primo-match-contro-la-lodigiani","status":"publish","type":"post","link":"https:\/\/www.radioluna.it\/news\/2019\/10\/la-figc-da-lok-lo-sporting-latina-women-giochera-il-primo-match-contro-la-lodigiani\/","title":{"rendered":"La Figc d\u00e0 l&#8217;ok: lo Sporting Latina Women giocher\u00e0 il primo match contro la Lodigiani"},"content":{"rendered":"<div id=\"fb-root\"><\/div>\n<p style=\"text-align: justify;\"><strong>LATINA<\/strong> &#8211;\u00a0 E\u2019 arrivata l\u2019ufficialit\u00e0 dalla Federazione: la prima partita del Campionato regionale d\u2019eccellenza femminile per lo Sporting Latina Women 2019 \u00e8 in programma per domenica 20 ottobre, alle 15.30 in casa, contro la Lodigiani Women. La notizia arriva\u00a0 al Pino Buongiorno mentre continuano allenamenti e amichevoli per le ragazze di mister Musilli.<\/p>\n<p style=\"text-align: justify;\">\u201cSiamo pronti e non vediamo l\u2019ora di partire \u2013 commenta il Presidente, Massimo Sai. Ci stiamo preparando bene e vogliamo fare in modo che non sia una stagione anonima, ma vogliamo lasciare il segno, per la nostra citt\u00e0 e per tutto il movimento del calcio femminile. Le nostre ragazze hanno gi\u00e0 formato un bel gruppo coeso e con tanta voglia di scendere in campo e dare il massimo. Ringrazio il nostro allenatore Yuri Musilli, che sta facendo un gran bel lavoro, e la societ\u00e0 Latina Calcio 1932, con cui abbiamo trascorso belle giornate di calcio, ospiti al Francioni, e con cui speriamo di potere collaborare per portare in alto i colori della nostra citt\u00e0 \u201d.<\/p>\n<p style=\"text-align: justify;\">Intanto, nei giorni scorsi, il Vice Presidente della squadra, Giovanni Farina e il Team Manager Mario Maddalena, hanno partecipato, a Coverciano, alla riunione indetta dalla Lega Calcio femminile, convocata dal Vice Presidente Morgana. All\u2019incontro hanno partecipato societ\u00e0 di serie C, Eccellenza e Promozione del Centro Italia. \u00a0Nel corso dell\u2019incontro\u00a0 &#8211; spiegano dalla societ\u00e0\u00a0 &#8211; si \u00e8 discusso delle prospettive e degli obbiettivi di un sistema che \u00e8 in crescita esponenziale in Italia ma che, obbiettivamente, \u00e8 ancora indietro rispetto ad altre realt\u00e0 europee.<\/p>\n<p style=\"text-align: justify;\">\n","protected":false},"excerpt":{"rendered":"<p>LATINA &#8211;\u00a0 E\u2019 arrivata l\u2019ufficialit\u00e0 dalla Federazione: la prima partita del Campionato regionale d\u2019eccellenza femminile per lo Sporting Latina Women 2019 \u00e8 in programma per domenica 20 ottobre, alle 15.30 in casa, contro la Lodigiani Women. La notizia arriva\u00a0 al Pino Buongiorno mentre continuano allenamenti e amichevoli per le ragazze di mister Musilli. \u201cSiamo pronti [&hellip;]<\/p>\n","protected":false},"author":5430,"featured_media":254295,"comment_status":"open","ping_status":"open","sticky":false,"template":"","format":"standard","meta":{"footnotes":""},"categories":[17],"tags":[],"class_list":["post-254294","post","type-post","status-publish","format-standard","has-post-thumbnail","hentry","category-sport"],"_links":{"self":[{"href":"https:\/\/www.radioluna.it\/news\/wp-json\/wp\/v2\/posts\/254294","targetHints":{"allow":["GET"]}}],"collection":[{"href":"https:\/\/www.radioluna.it\/news\/wp-json\/wp\/v2\/posts"}],"about":[{"href":"https:\/\/www.radioluna.it\/news\/wp-json\/wp\/v2\/types\/post"}],"author":[{"embeddable":true,"href":"https:\/\/www.radioluna.it\/news\/wp-json\/wp\/v2\/users\/5430"}],"replies":[{"embeddable":true,"href":"https:\/\/www.radioluna.it\/news\/wp-json\/wp\/v2\/comments?post=254294"}],"version-history":[{"count":0,"href":"https:\/\/www.radioluna.it\/news\/wp-json\/wp\/v2\/posts\/254294\/revisions"}],"wp:featuredmedia":[{"embeddable":true,"href":"https:\/\/www.radioluna.it\/news\/wp-json\/wp\/v2\/media\/254295"}],"wp:attachment":[{"href":"https:\/\/www.radioluna.it\/news\/wp-json\/wp\/v2\/media?parent=254294"}],"wp:term":[{"taxonomy":"category","embeddable":true,"href":"https:\/\/www.radioluna.it\/news\/wp-json\/wp\/v2\/categories?post=254294"},{"taxonomy":"post_tag","embeddable":true,"href":"https:\/\/www.radioluna.it\/news\/wp-json\/wp\/v2\/tags?post=254294"}],"curies":[{"name":"wp","href":"https:\/\/api.w.org\/{rel}","templated":true}]}}