{"id":254326,"date":"2019-10-15T18:45:18","date_gmt":"2019-10-15T16:45:18","guid":{"rendered":"https:\/\/www.radioluna.it\/news\/?p=254326"},"modified":"2019-10-16T07:13:15","modified_gmt":"2019-10-16T05:13:15","slug":"latina-spacca-la-faccia-ad-un-rifugiato-arrestato-un-26-enne-pakistano","status":"publish","type":"post","link":"https:\/\/www.radioluna.it\/news\/2019\/10\/latina-spacca-la-faccia-ad-un-rifugiato-arrestato-un-26-enne-pakistano\/","title":{"rendered":"Latina, spacca la faccia ad un rifugiato, arrestato un 26 enne pakistano"},"content":{"rendered":"<div id=\"fb-root\"><\/div>\n<p style=\"text-align: justify;\"><strong>LATINA &#8211; <\/strong>Ha rotto le ossa del naso e quelle orbitali ad un ospite della struttura in cui lui stesso alloggia. E&#8217; scattato l&#8217;arresto per\u00a0 Ishaq Mohammad, un cittadino pakistano di 26 anni in Italia con &#8220;protezione sussidiaria&#8221; riconosciuta a chi pur non potendo essere considerato rifugiato, riceve la protezione internazionale e il permesso di soggiorno perch\u00e9 a rischio di condanna a morte o tortura in caso rientri nel Paese di origine.<\/p>\n<p style=\"text-align: justify;\">All&#8217;arrivo della polizia, la vittima, un 25 enne, appariva ferito gravemente e sanguinante dopo essere riuscito a sottrarsi con fatica alla furia dell&#8217;altro che lo aveva aggredito picchiandolo al volto. L&#8217;aggressione avvenuta per motivi banali, si \u00e8 verificata in un appartamento gestito da una cooperativa dove l&#8217;arrestato si imponeva sugli altri con la violenza come hanno poi raccontato i presenti, confermando la versione della vittima sulle angherie subite ripetutamente.<\/p>\n<p style=\"text-align: justify;\">Dopo il primo soccorso al Goretti, il giovane \u00e8 stato trasferito al San Camillo di Roma dove dovr\u00e0 essere sottoposto ad un intervento maxillo-facciale, mentre l&#8217;aggressore \u00e8 in carcere.<\/p>\n","protected":false},"excerpt":{"rendered":"<p>LATINA &#8211; Ha rotto le ossa del naso e quelle orbitali ad un ospite della struttura in cui lui stesso alloggia. E&#8217; scattato l&#8217;arresto per\u00a0 Ishaq Mohammad, un cittadino pakistano di 26 anni in Italia con &#8220;protezione sussidiaria&#8221; riconosciuta a chi pur non potendo essere considerato rifugiato, riceve la protezione internazionale e il permesso di [&hellip;]<\/p>\n","protected":false},"author":62,"featured_media":0,"comment_status":"open","ping_status":"open","sticky":false,"template":"","format":"standard","meta":{"footnotes":""},"categories":[7],"tags":[],"class_list":["post-254326","post","type-post","status-publish","format-standard","hentry","category-cronaca"],"_links":{"self":[{"href":"https:\/\/www.radioluna.it\/news\/wp-json\/wp\/v2\/posts\/254326","targetHints":{"allow":["GET"]}}],"collection":[{"href":"https:\/\/www.radioluna.it\/news\/wp-json\/wp\/v2\/posts"}],"about":[{"href":"https:\/\/www.radioluna.it\/news\/wp-json\/wp\/v2\/types\/post"}],"author":[{"embeddable":true,"href":"https:\/\/www.radioluna.it\/news\/wp-json\/wp\/v2\/users\/62"}],"replies":[{"embeddable":true,"href":"https:\/\/www.radioluna.it\/news\/wp-json\/wp\/v2\/comments?post=254326"}],"version-history":[{"count":0,"href":"https:\/\/www.radioluna.it\/news\/wp-json\/wp\/v2\/posts\/254326\/revisions"}],"wp:attachment":[{"href":"https:\/\/www.radioluna.it\/news\/wp-json\/wp\/v2\/media?parent=254326"}],"wp:term":[{"taxonomy":"category","embeddable":true,"href":"https:\/\/www.radioluna.it\/news\/wp-json\/wp\/v2\/categories?post=254326"},{"taxonomy":"post_tag","embeddable":true,"href":"https:\/\/www.radioluna.it\/news\/wp-json\/wp\/v2\/tags?post=254326"}],"curies":[{"name":"wp","href":"https:\/\/api.w.org\/{rel}","templated":true}]}}