{"id":255734,"date":"2019-11-05T09:03:30","date_gmt":"2019-11-05T08:03:30","guid":{"rendered":"https:\/\/www.radioluna.it\/news\/?p=255734"},"modified":"2019-11-05T09:03:30","modified_gmt":"2019-11-05T08:03:30","slug":"mafia-a-latina-la-lega-risponde-a-moscardelli","status":"publish","type":"post","link":"https:\/\/www.radioluna.it\/news\/2019\/11\/mafia-a-latina-la-lega-risponde-a-moscardelli\/","title":{"rendered":"Mafia a Latina, la Lega risponde a Moscardelli"},"content":{"rendered":"<div id=\"fb-root\"><\/div>\n<p style=\"text-align: justify;\">LATINA &#8211; La Lega risponde agli attacchi dopo la <a href=\"https:\/\/www.radioluna.it\/news\/2019\/11\/a-latina-cera-la-mafia-cosi-le-motivazioni-del-gup-di-roma-sulla-condanna-dei-di-silvio\/\">sentenza del Tribunale<\/a> sulla commistione tra organizzazioni criminali e politica, in particolare al commento del senatore Claudio Moscardelli: &#8221;Claudio Moscardelli chi? L&#8217;imputato nel processo Rimborsopoli legato alla legislatura regionale 2010-2013? L&#8217;ex senatore e consigliere regionale del Pd, che gode di un vitalizio di circa 5mila euro al mese erogato dalla Pisana, che ha ricevuto un incarico legale dalla Provincia di Latina governata dal Pd? Il garantismo \u00e8 uno stile di vita e non scenderemo mai ai livelli dell&#8217;attuale segretario provinciale dem, accecato probabilmente dal consenso e dalla fiducia che la gente ha riposto nella Lega. L&#8217;onda del giustizialismo non sar\u00e0 cavalcata n\u00e9 dal sottoscritto n\u00e9 dalla nostra classe dirigente, la quale non vanta neanche un avviso di garanzia e dunque \u00e8 vittima della condotta scellerata di alcuni da cui prendiamo, come ribadito sempre, nettamente le distanze. La giustizia faccia il suo corso, i magistrati vadano fino in fondo. Avranno sempre il nostro sostegno, la legalit\u00e0 \u00e8 un prerequisito di qualsiasi partito e non accettiamo lezioni da altri&#8221;. Lo dichiara Armando Valiani, coordinatore comunale della Lega di Latina.<\/p>\n","protected":false},"excerpt":{"rendered":"<p>LATINA &#8211; La Lega risponde agli attacchi dopo la sentenza del Tribunale sulla commistione tra organizzazioni criminali e politica, in particolare al commento del senatore Claudio Moscardelli: &#8221;Claudio Moscardelli chi? L&#8217;imputato nel processo Rimborsopoli legato alla legislatura regionale 2010-2013? L&#8217;ex senatore e consigliere regionale del Pd, che gode di un vitalizio di circa 5mila euro [&hellip;]<\/p>\n","protected":false},"author":60,"featured_media":0,"comment_status":"open","ping_status":"open","sticky":false,"template":"","format":"standard","meta":{"footnotes":""},"categories":[8],"tags":[],"class_list":["post-255734","post","type-post","status-publish","format-standard","hentry","category-politica"],"_links":{"self":[{"href":"https:\/\/www.radioluna.it\/news\/wp-json\/wp\/v2\/posts\/255734","targetHints":{"allow":["GET"]}}],"collection":[{"href":"https:\/\/www.radioluna.it\/news\/wp-json\/wp\/v2\/posts"}],"about":[{"href":"https:\/\/www.radioluna.it\/news\/wp-json\/wp\/v2\/types\/post"}],"author":[{"embeddable":true,"href":"https:\/\/www.radioluna.it\/news\/wp-json\/wp\/v2\/users\/60"}],"replies":[{"embeddable":true,"href":"https:\/\/www.radioluna.it\/news\/wp-json\/wp\/v2\/comments?post=255734"}],"version-history":[{"count":0,"href":"https:\/\/www.radioluna.it\/news\/wp-json\/wp\/v2\/posts\/255734\/revisions"}],"wp:attachment":[{"href":"https:\/\/www.radioluna.it\/news\/wp-json\/wp\/v2\/media?parent=255734"}],"wp:term":[{"taxonomy":"category","embeddable":true,"href":"https:\/\/www.radioluna.it\/news\/wp-json\/wp\/v2\/categories?post=255734"},{"taxonomy":"post_tag","embeddable":true,"href":"https:\/\/www.radioluna.it\/news\/wp-json\/wp\/v2\/tags?post=255734"}],"curies":[{"name":"wp","href":"https:\/\/api.w.org\/{rel}","templated":true}]}}